{"id":953,"date":"2000-06-20T11:25:20","date_gmt":"2000-06-20T11:25:20","guid":{"rendered":"http:\/\/www.mitellus.com\/?p=953"},"modified":"2012-03-20T12:19:37","modified_gmt":"2012-03-20T12:19:37","slug":"lecole-nationale-des-industries-du-lait-et-des-viandes-enilv","status":"publish","type":"post","link":"https:\/\/www.mitellus.com\/?p=953","title":{"rendered":"L\u2019Ecole Nationale des Industries du Lait et des Viandes. &#8211; ENILV"},"content":{"rendered":"<p>Liens :<\/p>\n<p><a title=\"L\u2019art plastique \u2013 ENILV\" href=\"http:\/\/www.mitellus.com\/?p=978\">L&#8217;art plastique<\/a><\/p>\n<h3>L\u2019Ecole Nationale des Industries du Lait et des Viandes.<\/h3>\n<p>Voici les 2 ann\u00e9es les plus stressantes de ma vie.<br \/>\nMettons les choses dans leur cadre\u00a0:<br \/>\nPas assez intelligent pour continuer des \u00e9tudes dans ma branche (Environnement), je me suis r\u00e9sign\u00e9 \u00e0 la conversion dans un autre domaine. Sachant que cette ann\u00e9e allait \u00eatre un peu rude, j\u2019ai \u00e9galement souhait\u00e9 marier \u00e9tudes et voyage. C\u2019est pourquoi mes recherches se sont port\u00e9es sur la France m\u00e9tropolitaine.<br \/>\nJe me souviens encore de Mathieu (un camarade de classe qui se moquait de moi en disant que jamais je n\u2019y arriverais, que j\u2019\u00e9tais trop attache \u00e0 ma famille, \u2026<br \/>\nVenant fra\u00eechement de La R\u00e9union, il me semblait important d\u2019avoir un minimum de force mentale pour me pr\u00e9parer au froid moral de cette m\u00e9tropole \u00e0 l&#8217;image sombrante.<br \/>\nMais ce que j\u2019ai v\u00e9cu dans cette \u00e9cole \u00e9tait loin de tout ce qu\u2019on peut s\u2019imaginer de plus vicieux et noir.<br \/>\nImaginez ma situation\u00a0: Mis de cote par le fran\u00e7ais moyen local faute d\u2019avoir le tint trop mat, les pseudo magr\u00e9bins firent de m\u00eame pr\u00e9tendant que si j\u2019\u00e9tais ne en Alsace, je ne pouvais \u00eatre que facho comme les Allemands et ayant v\u00e9cu a La R\u00e9union, ces 2 groupes conclurent que je ne devais s\u00fbrement rien conna\u00eetre de la vie.<\/p>\n<p>Mis a part ce fait il me fallait \u00e9galement que je me fasse a l\u2019id\u00e9e que plus on \u00e9tait obtus et intol\u00e9rant, plus on avait de chance de monter en grade.<br \/>\nLes pires personnes personnalit\u00e9s se trouvaient par cons\u00e9quent dans les hautes sph\u00e8res de ce bahut, exemple fran\u00e7ais d\u2019une ancienne gloire qui ne vit plus que sur son image. Imaginez par exemple qu\u2019une personne ne s\u2019assumant qu\u2019en partie (avec un gros conflit interne en pleine crise puisse prendre des d\u00e9cision qui puisse influer sur la suite de votre vie. Ca ne peut que donner quelque chose que je qualifierais de grave.<\/p>\n<p>Le plus difficile a accepter dans cette histoire c\u2019est que toutes ces m\u00e9diocrit\u00e9s m\u2019ont apporte quelque chose dans la vie.<\/p>\n<p>Dans cette pesante ambiance, je me suis lance un d\u00e9fit.<br \/>\nLoin de me sentir l\u2019abrutit que l\u2019on m\u2019avait gentiment demander de rester, j\u2019ai mis en place mon projet de r\u00e9ussite.<br \/>\nA pr\u00e9sent je crois fermement que nous devrions tous passer par ce type d\u2019\u00e9preuve\u00a0afin de se lib\u00e9rer de toutes nos futilit\u00e9s et notre capacit\u00e9 a lutter contre une force plut\u00f4t que de jouer avec.<\/p>\n<p>Cette s\u00e9rie de d\u00e9cisions et les cours sur le comportement de l\u2019acheteur (et autres) m\u2019ont litt\u00e9ralement catapult\u00e9s vers l\u2019avant me permettant ainsi de d\u00e9couvrir des tr\u00e9sors humains sans \u00e9gal loin des relations d\u2019int\u00e9r\u00eats.<br \/>\nToutes ces personnalit\u00e9s sont probablement tr\u00e8s banales mais comme on peut bien l\u2019imager, un fruit semble toujours plus frais quand il entour\u00e9 de fruits pourris.<\/p>\n<p>J\u2019aurais encore beaucoup de pens\u00e9es n\u00e9gatives pour des anciens de cet \u00e9tablissement mais je pr\u00e9f\u00e8re m\u2019attarder sur les soir\u00e9es d\u00e9lirantes et les tr\u00e8s bons moments passes en compagnie de vrais amis dont je suis toujours fier d\u2019en avoir garde le contact avec.<\/p>\n<p>Les photos sont tr\u00e8s diverses car je ne peux pas dire que les cours furent tr\u00e8s intenses. Entre le corps professoral assez absent (oui certains nous aimaient tellement qu\u2019ils nous avouaient entrer dans notre salle a reculons) qui provoquait des semaines parfois de 5 heures et le fait que j\u2019y habitais en permanence, \u2026<br \/>\nJ\u2019ai d\u00e9cid\u00e9 de me divertir en faisant les activit\u00e9s suivantes (en m\u00eame temps)\u00a0:<\/p>\n<ol>\n<li>Club Photo<\/li>\n<li>Club arts plastiques<\/li>\n<li>Club vid\u00e9o<\/li>\n<li>Secr\u00e9taire (enfin intendant) de l\u2019association d\u2019\u00e9l\u00e8ve \u00ab\u00a0ACCES\u00a0\u00bb<\/li>\n<li>Adh\u00e9rant a l\u2019association du cin\u00e9ma de ville de La Roche Sur Foron<\/li>\n<\/ol>\n<ol>\n<li>d\u00e9l\u00e9gu\u00e9 pour le conseil d\u2019administration<\/li>\n<li>d\u00e9l\u00e9gu\u00e9 pour le conseil int\u00e9rieur<\/li>\n<li>d\u00e9l\u00e9gu\u00e9 pour le conseil de discipline<\/li>\n<li>d\u00e9l\u00e9gu\u00e9 pour le conseil d\u2019hygi\u00e8ne et s\u00e9curit\u00e9<\/li>\n<li>d\u00e9l\u00e9gu\u00e9 pour le conseil des \u00e9l\u00e8ves (attention pas d\u00e9l\u00e9gu\u00e9 du conseil de classe)<\/li>\n<\/ol>\n<p>&nbsp;<\/p>\n<p>Je pr\u00e9cise certains points\u00a0:<br \/>\nJe remercie encore Karine Montreuil de m\u2019avoir accorde autant de confiance pour les responsabilit\u00e9s confi\u00e9es sur les 3 clubs.<br \/>\nJe remercie Taline qui m\u2019a donne la chance d\u2019acc\u00e9der \u00e0 l\u2019association cin\u00e9 de la ville. Tu m\u2019as permis de m\u2019initier a ce qui est maintenant une passion.<br \/>\nPour les postes de d\u00e9l\u00e9gu\u00e9, c\u2019est tr\u00e8s facile de supporter ces r\u00f4les quand on est 250 dans un \u00e9tablissement. Il ne me restait plus que le conseil de classe repr\u00e9senter mais comme je ne me sentais pas du tout int\u00e8gre dans cette classe (sauf les 15 derniers jours) je ne voulais pas provoquer des d\u00e9cisions qui n\u2019allaient pas dans leurs sens.<br \/>\nJe remercie Monsieur BERTHET qui entoure d\u2019autant de cons a su garder (en tous cas avec moi) autant de recul et de lucidit\u00e9. Rare sont ceux qui on su le percevoir mais au combien la tache doit \u00eatre difficile.<br \/>\nMerci aussi a Christophe (l\u2019informaticien) (on dirait que le nom et le m\u00e9tier sont lies vu le nombre rencontre) qui m\u2019a donne les bases de ce qui est actuellement mon\u00a0 m\u00e9tier.<\/p>\n<p>J\u2019y suis retourne quelques ann\u00e9es apr\u00e8s la fin de mon cycle. Depuis le changement de proviseur et les modifications fondamentales de structure physique (les ateliers enfin r\u00e9noves) et internes (il reste encore des ronds de cuire a faire sauter mais quel syst\u00e8me n\u2019en a pas) ce lyc\u00e9e semble retrouver la voie pour atteindre la grandeur de son image ternie par cette histoire de d\u00e9tournement de fond.<\/p>\n<p><a href=\"http:\/\/www.mitellus.com\/?attachment_id=996\" rel=\"attachment wp-att-996\"><img data-recalc-dims=\"1\" loading=\"lazy\" decoding=\"async\" data-attachment-id=\"996\" data-permalink=\"https:\/\/www.mitellus.com\/?attachment_id=996\" data-orig-file=\"https:\/\/i0.wp.com\/www.mitellus.com\/wp-content\/uploads\/2012\/03\/maw-114.jpg?fit=387%2C457&amp;ssl=1\" data-orig-size=\"387,457\" data-comments-opened=\"1\" data-image-meta=\"{&quot;aperture&quot;:&quot;0&quot;,&quot;credit&quot;:&quot;&quot;,&quot;camera&quot;:&quot;&quot;,&quot;caption&quot;:&quot;&quot;,&quot;created_timestamp&quot;:&quot;0&quot;,&quot;copyright&quot;:&quot;&quot;,&quot;focal_length&quot;:&quot;0&quot;,&quot;iso&quot;:&quot;0&quot;,&quot;shutter_speed&quot;:&quot;0&quot;,&quot;title&quot;:&quot;&quot;,&quot;orientation&quot;:&quot;0&quot;}\" data-image-title=\"Enilv\" data-image-description=\"\" data-image-caption=\"\" data-large-file=\"https:\/\/i0.wp.com\/www.mitellus.com\/wp-content\/uploads\/2012\/03\/maw-114.jpg?fit=387%2C457&amp;ssl=1\" class=\"alignnone  wp-image-996\" title=\"Enilv\" src=\"https:\/\/i0.wp.com\/www.mitellus.com\/wp-content\/uploads\/2012\/03\/maw-114-254x300.jpg?resize=152%2C180\" alt=\"Ancien internat\" width=\"152\" height=\"180\" srcset=\"https:\/\/i0.wp.com\/www.mitellus.com\/wp-content\/uploads\/2012\/03\/maw-114.jpg?resize=254%2C300&amp;ssl=1 254w, https:\/\/i0.wp.com\/www.mitellus.com\/wp-content\/uploads\/2012\/03\/maw-114.jpg?resize=127%2C150&amp;ssl=1 127w, https:\/\/i0.wp.com\/www.mitellus.com\/wp-content\/uploads\/2012\/03\/maw-114.jpg?resize=294%2C348&amp;ssl=1 294w, https:\/\/i0.wp.com\/www.mitellus.com\/wp-content\/uploads\/2012\/03\/maw-114.jpg?w=387&amp;ssl=1 387w\" sizes=\"auto, (max-width: 152px) 100vw, 152px\" \/><\/a><\/p>\n<p>Retour sur:<\/p>\n<p>&#8211; <a title=\"La Roche Sur Foron 2000\" href=\"..\/?p=924\">La Roche Sur Foron<\/a><\/p>\n<p>&#8211; <a title=\"74 - Haute - Savoie\" href=\"..\/?page_id=875\">La Haute Savoie (74)<\/a><\/p>\n<p>&#8211; <a title=\"MAW \u2013 France\" href=\"..\/?page_id=583\">La France<\/a><\/p>\n","protected":false},"excerpt":{"rendered":"<p>Liens : L&#8217;art plastique L\u2019Ecole Nationale des Industries du Lait et des Viandes. Voici les 2 ann\u00e9es les plus stressantes de ma vie. Mettons les choses dans leur cadre\u00a0: Pas assez intelligent pour continuer des \u00e9tudes dans ma branche (Environnement), je me suis r\u00e9sign\u00e9 \u00e0 la conversion dans un autre<span class=\"more-link\"><a href=\"https:\/\/www.mitellus.com\/?p=953\">Continue Reading<\/a><\/span><\/p>\n","protected":false},"author":1,"featured_media":996,"comment_status":"open","ping_status":"open","sticky":false,"template":"","format":"standard","meta":{"jetpack_post_was_ever_published":false,"_jetpack_newsletter_access":"","_jetpack_dont_email_post_to_subs":false,"_jetpack_newsletter_tier_id":0,"_jetpack_memberships_contains_paywalled_content":false,"_jetpack_memberships_contains_paid_content":false,"footnotes":""},"categories":[1],"tags":[439,432,428,424,451,443,143,449,166,435,445,448,446,444,450,447],"class_list":["entry","author-admin","post-953","post","type-post","status-publish","format-standard","has-post-thumbnail","category-uncategorized","tag-439","tag-432","tag-428","tag-424","tag-anatole","tag-ecole","tag-enilv","tag-foron","tag-france","tag-haute-savoie","tag-industries","tag-la-roche-sur-foron","tag-lait","tag-nstionsle","tag-roche","tag-viandes"],"jetpack_featured_media_url":"https:\/\/i0.wp.com\/www.mitellus.com\/wp-content\/uploads\/2012\/03\/maw-114.jpg?fit=387%2C457&ssl=1","jetpack_shortlink":"https:\/\/wp.me\/p35eub-fn","jetpack_sharing_enabled":true,"jetpack_likes_enabled":true,"jetpack-related-posts":[{"id":978,"url":"https:\/\/www.mitellus.com\/?p=978","url_meta":{"origin":953,"position":0},"title":"L&#8217;art plastique &#8211; ENILV","author":"admin","date":"20\/03\/2000","format":false,"excerpt":"Les d\u00e9buts d'une aventure. \u00a0 Retour sur: - L'ENILV - La Roche Sur Foron - La Haute Savoie (74) - La France","rel":"","context":"In &quot;pics&quot;","block_context":{"text":"pics","link":"https:\/\/www.mitellus.com\/?cat=8"},"img":{"alt_text":"","src":"https:\/\/i0.wp.com\/www.mitellus.com\/wp-content\/uploads\/2012\/03\/maw-152.jpg?fit=800%2C399&ssl=1&resize=350%2C200","width":350,"height":200,"srcset":"https:\/\/i0.wp.com\/www.mitellus.com\/wp-content\/uploads\/2012\/03\/maw-152.jpg?fit=800%2C399&ssl=1&resize=350%2C200 1x, https:\/\/i0.wp.com\/www.mitellus.com\/wp-content\/uploads\/2012\/03\/maw-152.jpg?fit=800%2C399&ssl=1&resize=525%2C300 1.5x, https:\/\/i0.wp.com\/www.mitellus.com\/wp-content\/uploads\/2012\/03\/maw-152.jpg?fit=800%2C399&ssl=1&resize=700%2C400 2x"},"classes":[]},{"id":924,"url":"https:\/\/www.mitellus.com\/?p=924","url_meta":{"origin":953,"position":1},"title":"La Roche Sur Foron 2000","author":"admin","date":"01\/07\/2000","format":"image","excerpt":"Que dire de cette ville qui m'a h\u00e9berg\u00e9 pendant mes 2 premi\u00e8res ann\u00e9es d'\u00e9tudes et de vie autonome en \u00ab France m\u00e9tropolitaine \u00bb ... Je vous \u00e9pargne l'histoire de cette cit\u00e9e que le site reprend tr\u00e8s bien, pour vous citer cette ambiance typique o\u00f9 l'on re\u00e7oit un accueil sans \u00e9gale.\u2026","rel":"","context":"In &quot;pics&quot;","block_context":{"text":"pics","link":"https:\/\/www.mitellus.com\/?cat=8"},"img":{"alt_text":"","src":"https:\/\/i0.wp.com\/www.mitellus.com\/wp-content\/uploads\/2012\/03\/maw-122.jpg?fit=405%2C255&ssl=1&resize=350%2C200","width":350,"height":200},"classes":[]},{"id":903,"url":"https:\/\/www.mitellus.com\/?p=903","url_meta":{"origin":953,"position":2},"title":"Les Glieres","author":"admin","date":"19\/03\/1999","format":"image","excerpt":"Voici une belle journ\u00e9e en raquette aux Glieres : petite station de ski de fonds dans les Hauteurs de La Roche sur Foron Retourner sur : - La Haute-Savoie (74) - La France","rel":"","context":"In &quot;pics&quot;","block_context":{"text":"pics","link":"https:\/\/www.mitellus.com\/?cat=8"},"img":{"alt_text":"","src":"https:\/\/i0.wp.com\/www.mitellus.com\/wp-content\/uploads\/2012\/03\/maw14.jpg?fit=567%2C259&ssl=1&resize=350%2C200","width":350,"height":200,"srcset":"https:\/\/i0.wp.com\/www.mitellus.com\/wp-content\/uploads\/2012\/03\/maw14.jpg?fit=567%2C259&ssl=1&resize=350%2C200 1x, https:\/\/i0.wp.com\/www.mitellus.com\/wp-content\/uploads\/2012\/03\/maw14.jpg?fit=567%2C259&ssl=1&resize=525%2C300 1.5x"},"classes":[]},{"id":12669,"url":"https:\/\/www.mitellus.com\/?p=12669","url_meta":{"origin":953,"position":3},"title":"Cr\u00eapes\u00a0: recette rapide","author":"admin","date":"07\/02\/2025","format":false,"excerpt":"INGR\u00c9DIENTS 4\u00a0PERSONNES Farine 250 g Oeuf. 4\u00a0 Lait \u00bd litre Sel 1 pinc\u00e9e (Sucre 2 c \u00e0 s optionel Beurre fondu 50 g) ou huile classique Calculateur de p\u00e2te \u00e0 cr\u00eapes; Pour combien de personnes ? Calculer PR\u00c9PARATION Mettez la farine dans un saladier avec le sel et le sucre.\u00a0\u2026","rel":"","context":"In &quot;Best of !&quot;","block_context":{"text":"Best of !","link":"https:\/\/www.mitellus.com\/?cat=3"},"img":{"alt_text":"","src":"https:\/\/i0.wp.com\/www.mitellus.com\/wp-content\/uploads\/2024\/01\/craiyon_113806_realistic_photo_of_Lots_of_crepes_on_a_table_with_different_toppings_and_flavours.png?fit=1024%2C1024&ssl=1%3Fv%3D1706182705&resize=350%2C200","width":350,"height":200,"srcset":"https:\/\/i0.wp.com\/www.mitellus.com\/wp-content\/uploads\/2024\/01\/craiyon_113806_realistic_photo_of_Lots_of_crepes_on_a_table_with_different_toppings_and_flavours.png?fit=1024%2C1024&ssl=1%3Fv%3D1706182705&resize=350%2C200 1x, https:\/\/i0.wp.com\/www.mitellus.com\/wp-content\/uploads\/2024\/01\/craiyon_113806_realistic_photo_of_Lots_of_crepes_on_a_table_with_different_toppings_and_flavours.png?fit=1024%2C1024&ssl=1%3Fv%3D1706182705&resize=525%2C300 1.5x, https:\/\/i0.wp.com\/www.mitellus.com\/wp-content\/uploads\/2024\/01\/craiyon_113806_realistic_photo_of_Lots_of_crepes_on_a_table_with_different_toppings_and_flavours.png?fit=1024%2C1024&ssl=1%3Fv%3D1706182705&resize=700%2C400 2x"},"classes":[]},{"id":3174,"url":"https:\/\/www.mitellus.com\/?p=3174","url_meta":{"origin":953,"position":4},"title":"Bale le 31 juillet 2004","author":"admin","date":"31\/07\/2004","format":false,"excerpt":"La soiree de la fete nationale sur les bancs du Rhin est une chose vivement conseillee. C'est magnifique niveau spectacle et ambiance. Imaginez nous parmis des milliers de personnes entourant le Rhin, dans une f\u00eate tr\u00e8s conviviale. Le centre est totalement coup\u00e9, les langues se m\u00e9langent dans le bruit des\u2026","rel":"","context":"In &quot;pics&quot;","block_context":{"text":"pics","link":"https:\/\/www.mitellus.com\/?cat=8"},"img":{"alt_text":"","src":"https:\/\/i0.wp.com\/www.mitellus.com\/wp-content\/uploads\/2012\/05\/maw12.jpg?fit=405%2C255&ssl=1&resize=350%2C200","width":350,"height":200},"classes":[]},{"id":2366,"url":"https:\/\/www.mitellus.com\/?p=2366","url_meta":{"origin":953,"position":5},"title":"Munich &#8211; M\u00fcnshen 2003","author":"admin","date":"15\/04\/2003","format":false,"excerpt":"A une heure de route du lac de Constance se trouve la ville de Munich (ou \u00ab M\u00fcnshen \u00bb) Capitale de la Bavi\u00e8re c\u2019est sur une route nationale que nous avons pourtant acc\u00e8s \u00e0 ce lieu. On peut noter que les voies raides allemandes ne connaissent pas de limitations de\u2026","rel":"","context":"In &quot;pics&quot;","block_context":{"text":"pics","link":"https:\/\/www.mitellus.com\/?cat=8"},"img":{"alt_text":"","src":"https:\/\/i0.wp.com\/www.mitellus.com\/wp-content\/uploads\/2012\/03\/maw-2320.jpg?fit=800%2C600&ssl=1&resize=350%2C200","width":350,"height":200,"srcset":"https:\/\/i0.wp.com\/www.mitellus.com\/wp-content\/uploads\/2012\/03\/maw-2320.jpg?fit=800%2C600&ssl=1&resize=350%2C200 1x, https:\/\/i0.wp.com\/www.mitellus.com\/wp-content\/uploads\/2012\/03\/maw-2320.jpg?fit=800%2C600&ssl=1&resize=525%2C300 1.5x, https:\/\/i0.wp.com\/www.mitellus.com\/wp-content\/uploads\/2012\/03\/maw-2320.jpg?fit=800%2C600&ssl=1&resize=700%2C400 2x"},"classes":[]}],"_links":{"self":[{"href":"https:\/\/www.mitellus.com\/index.php?rest_route=\/wp\/v2\/posts\/953","targetHints":{"allow":["GET"]}}],"collection":[{"href":"https:\/\/www.mitellus.com\/index.php?rest_route=\/wp\/v2\/posts"}],"about":[{"href":"https:\/\/www.mitellus.com\/index.php?rest_route=\/wp\/v2\/types\/post"}],"author":[{"embeddable":true,"href":"https:\/\/www.mitellus.com\/index.php?rest_route=\/wp\/v2\/users\/1"}],"replies":[{"embeddable":true,"href":"https:\/\/www.mitellus.com\/index.php?rest_route=%2Fwp%2Fv2%2Fcomments&post=953"}],"version-history":[{"count":3,"href":"https:\/\/www.mitellus.com\/index.php?rest_route=\/wp\/v2\/posts\/953\/revisions"}],"predecessor-version":[{"id":999,"href":"https:\/\/www.mitellus.com\/index.php?rest_route=\/wp\/v2\/posts\/953\/revisions\/999"}],"wp:featuredmedia":[{"embeddable":true,"href":"https:\/\/www.mitellus.com\/index.php?rest_route=\/wp\/v2\/media\/996"}],"wp:attachment":[{"href":"https:\/\/www.mitellus.com\/index.php?rest_route=%2Fwp%2Fv2%2Fmedia&parent=953"}],"wp:term":[{"taxonomy":"category","embeddable":true,"href":"https:\/\/www.mitellus.com\/index.php?rest_route=%2Fwp%2Fv2%2Fcategories&post=953"},{"taxonomy":"post_tag","embeddable":true,"href":"https:\/\/www.mitellus.com\/index.php?rest_route=%2Fwp%2Fv2%2Ftags&post=953"}],"curies":[{"name":"wp","href":"https:\/\/api.w.org\/{rel}","templated":true}]}}