{"id":89,"date":"2007-02-26T11:23:47","date_gmt":"2007-02-26T11:23:47","guid":{"rendered":"http:\/\/www.mitellus.com\/wordpress\/?p=89"},"modified":"2024-03-25T22:16:30","modified_gmt":"2024-03-25T22:16:30","slug":"le-puits-canadien","status":"publish","type":"post","link":"https:\/\/www.mitellus.com\/?p=89","title":{"rendered":"Le puits Canadien"},"content":{"rendered":"<table>\n<tr>\n<td><img data-recalc-dims=\"1\" decoding=\"async\" src=\"https:\/\/i0.wp.com\/www.onpeutlefaire.com\/fichestechniques\/images\/ft-puits-canadien\/schema-de-principe-2.gif?w=1380\" alt=\"Le puit canadien ou puit provencal\" \/><\/td>\n<td>Le puits canadien, aussi appel\u00c3\u00a9 puits proven\u00c3\u00a7al, consiste \u00c3  faire circuler dans des tuyaux enterr\u00c3\u00a9s dans le sol \u00c3  une profondeur de 1 \u00c3  2 m, une partie de l\u00e2\u0080\u0099air neuf de renouvellement avant qu\u00e2\u0080\u0099il ne p\u00c3\u00a9n\u00c3\u00a8tre dans le b\u00c3\u00a2timent.<\/p>\n<p><strong>Les liens :<\/strong><br \/>\n<a href=\"http:\/\/www.onpeutlefaire.com\/fichestechniques\/ft-puits-canadien.php?css=print\">onpeutlefaire<\/a><br \/>\ncrit.archi<br \/>\n<a href=\"http:\/\/www.free-webspace.biz\/maisonderussy\/travaux\/puit_canadien.htm\">maison de russy<\/a><br \/>\nideesmaison\n<\/td>\n<\/tr>\n<\/table>\n","protected":false},"excerpt":{"rendered":"<p>Le puits canadien, aussi appel\u00c3\u00a9 puits proven\u00c3\u00a7al, consiste \u00c3 faire circuler dans des tuyaux enterr\u00c3\u00a9s dans le sol \u00c3 une profondeur de 1 \u00c3 2 m, une partie de l\u00e2\u0080\u0099air neuf de renouvellement avant qu\u00e2\u0080\u0099il ne p\u00c3\u00a9n\u00c3\u00a8tre dans le b\u00c3\u00a2timent. Les liens : onpeutlefaire crit.archi maison de russy ideesmaison<span class=\"more-link\"><a href=\"https:\/\/www.mitellus.com\/?p=89\">Continue Reading<\/a><\/span><\/p>\n","protected":false},"author":1,"featured_media":0,"comment_status":"closed","ping_status":"open","sticky":false,"template":"","format":"standard","meta":{"jetpack_post_was_ever_published":false,"_jetpack_newsletter_access":"","_jetpack_dont_email_post_to_subs":false,"_jetpack_newsletter_tier_id":0,"_jetpack_memberships_contains_paywalled_content":false,"_jetpack_memberships_contains_paid_content":false,"footnotes":""},"categories":[5,10,8],"tags":[],"class_list":["entry","author-admin","post-89","post","type-post","status-publish","format-standard","category-eco","category-links","category-pics"],"jetpack_featured_media_url":"","jetpack_shortlink":"https:\/\/wp.me\/p35eub-1r","jetpack_sharing_enabled":true,"jetpack_likes_enabled":true,"jetpack-related-posts":[{"id":12669,"url":"https:\/\/www.mitellus.com\/?p=12669","url_meta":{"origin":89,"position":0},"title":"Cr\u00eapes\u00a0: recette rapide","author":"admin","date":"07\/02\/2025","format":false,"excerpt":"INGR\u00c9DIENTS 4\u00a0PERSONNES Farine 250 g Oeuf. 4\u00a0 Lait \u00bd litre Sel 1 pinc\u00e9e (Sucre 2 c \u00e0 s optionel Beurre fondu 50 g) ou huile classique Calculateur de p\u00e2te \u00e0 cr\u00eapes; Pour combien de personnes ? Calculer PR\u00c9PARATION Mettez la farine dans un saladier avec le sel et le sucre.\u00a0\u2026","rel":"","context":"In &quot;Best of !&quot;","block_context":{"text":"Best of !","link":"https:\/\/www.mitellus.com\/?cat=3"},"img":{"alt_text":"","src":"https:\/\/i0.wp.com\/www.mitellus.com\/wp-content\/uploads\/2024\/01\/craiyon_113806_realistic_photo_of_Lots_of_crepes_on_a_table_with_different_toppings_and_flavours.png?fit=1024%2C1024&ssl=1%3Fv%3D1706182705&resize=350%2C200","width":350,"height":200,"srcset":"https:\/\/i0.wp.com\/www.mitellus.com\/wp-content\/uploads\/2024\/01\/craiyon_113806_realistic_photo_of_Lots_of_crepes_on_a_table_with_different_toppings_and_flavours.png?fit=1024%2C1024&ssl=1%3Fv%3D1706182705&resize=350%2C200 1x, https:\/\/i0.wp.com\/www.mitellus.com\/wp-content\/uploads\/2024\/01\/craiyon_113806_realistic_photo_of_Lots_of_crepes_on_a_table_with_different_toppings_and_flavours.png?fit=1024%2C1024&ssl=1%3Fv%3D1706182705&resize=525%2C300 1.5x, https:\/\/i0.wp.com\/www.mitellus.com\/wp-content\/uploads\/2024\/01\/craiyon_113806_realistic_photo_of_Lots_of_crepes_on_a_table_with_different_toppings_and_flavours.png?fit=1024%2C1024&ssl=1%3Fv%3D1706182705&resize=700%2C400 2x"},"classes":[]},{"id":2366,"url":"https:\/\/www.mitellus.com\/?p=2366","url_meta":{"origin":89,"position":1},"title":"Munich &#8211; M\u00fcnshen 2003","author":"admin","date":"15\/04\/2003","format":false,"excerpt":"A une heure de route du lac de Constance se trouve la ville de Munich (ou \u00ab M\u00fcnshen \u00bb) Capitale de la Bavi\u00e8re c\u2019est sur une route nationale que nous avons pourtant acc\u00e8s \u00e0 ce lieu. On peut noter que les voies raides allemandes ne connaissent pas de limitations de\u2026","rel":"","context":"In &quot;pics&quot;","block_context":{"text":"pics","link":"https:\/\/www.mitellus.com\/?cat=8"},"img":{"alt_text":"","src":"https:\/\/i0.wp.com\/www.mitellus.com\/wp-content\/uploads\/2012\/03\/maw-2320.jpg?fit=800%2C600&ssl=1&resize=350%2C200","width":350,"height":200,"srcset":"https:\/\/i0.wp.com\/www.mitellus.com\/wp-content\/uploads\/2012\/03\/maw-2320.jpg?fit=800%2C600&ssl=1&resize=350%2C200 1x, https:\/\/i0.wp.com\/www.mitellus.com\/wp-content\/uploads\/2012\/03\/maw-2320.jpg?fit=800%2C600&ssl=1&resize=525%2C300 1.5x, https:\/\/i0.wp.com\/www.mitellus.com\/wp-content\/uploads\/2012\/03\/maw-2320.jpg?fit=800%2C600&ssl=1&resize=700%2C400 2x"},"classes":[]},{"id":3174,"url":"https:\/\/www.mitellus.com\/?p=3174","url_meta":{"origin":89,"position":2},"title":"Bale le 31 juillet 2004","author":"admin","date":"31\/07\/2004","format":false,"excerpt":"La soiree de la fete nationale sur les bancs du Rhin est une chose vivement conseillee. C'est magnifique niveau spectacle et ambiance. Imaginez nous parmis des milliers de personnes entourant le Rhin, dans une f\u00eate tr\u00e8s conviviale. Le centre est totalement coup\u00e9, les langues se m\u00e9langent dans le bruit des\u2026","rel":"","context":"In &quot;pics&quot;","block_context":{"text":"pics","link":"https:\/\/www.mitellus.com\/?cat=8"},"img":{"alt_text":"","src":"https:\/\/i0.wp.com\/www.mitellus.com\/wp-content\/uploads\/2012\/05\/maw12.jpg?fit=405%2C255&ssl=1&resize=350%2C200","width":350,"height":200},"classes":[]},{"id":2673,"url":"https:\/\/www.mitellus.com\/?p=2673","url_meta":{"origin":89,"position":3},"title":"Le printemps a Brenouille (2012)","author":"admin","date":"09\/05\/2012","format":false,"excerpt":"Une petite balade dans la ville de Brenouille. C'est assez surprenant de voir qu'il n'y a plus aucun oiseau a voler, surtout dans l'Oise...","rel":"","context":"In &quot;pics&quot;","block_context":{"text":"pics","link":"https:\/\/www.mitellus.com\/?cat=8"},"img":{"alt_text":"","src":"https:\/\/i0.wp.com\/www.mitellus.com\/wp-content\/uploads\/2012\/05\/maw01.jpg?fit=1024%2C685&ssl=1&resize=350%2C200","width":350,"height":200,"srcset":"https:\/\/i0.wp.com\/www.mitellus.com\/wp-content\/uploads\/2012\/05\/maw01.jpg?fit=1024%2C685&ssl=1&resize=350%2C200 1x, https:\/\/i0.wp.com\/www.mitellus.com\/wp-content\/uploads\/2012\/05\/maw01.jpg?fit=1024%2C685&ssl=1&resize=525%2C300 1.5x, https:\/\/i0.wp.com\/www.mitellus.com\/wp-content\/uploads\/2012\/05\/maw01.jpg?fit=1024%2C685&ssl=1&resize=700%2C400 2x"},"classes":[]},{"id":903,"url":"https:\/\/www.mitellus.com\/?p=903","url_meta":{"origin":89,"position":4},"title":"Les Glieres","author":"admin","date":"19\/03\/1999","format":"image","excerpt":"Voici une belle journ\u00e9e en raquette aux Glieres : petite station de ski de fonds dans les Hauteurs de La Roche sur Foron Retourner sur : - La Haute-Savoie (74) - La France","rel":"","context":"In &quot;pics&quot;","block_context":{"text":"pics","link":"https:\/\/www.mitellus.com\/?cat=8"},"img":{"alt_text":"","src":"https:\/\/i0.wp.com\/www.mitellus.com\/wp-content\/uploads\/2012\/03\/maw14.jpg?fit=567%2C259&ssl=1&resize=350%2C200","width":350,"height":200,"srcset":"https:\/\/i0.wp.com\/www.mitellus.com\/wp-content\/uploads\/2012\/03\/maw14.jpg?fit=567%2C259&ssl=1&resize=350%2C200 1x, https:\/\/i0.wp.com\/www.mitellus.com\/wp-content\/uploads\/2012\/03\/maw14.jpg?fit=567%2C259&ssl=1&resize=525%2C300 1.5x"},"classes":[]},{"id":12548,"url":"https:\/\/www.mitellus.com\/?p=12548","url_meta":{"origin":89,"position":5},"title":"Cousinades 2024","author":"admin","date":"01\/01\/2025","format":false,"excerpt":"Bienvenue sur le blog familial ! Aujourd'hui, j\u2019ai le plaisir de partager les moments magiques de notre derni\u00e8re Cousinade, qui s'est d\u00e9roul\u00e9e dans une ambiance joyeuse et chaleureuse. Entre rires, jeux et souvenirs partag\u00e9s, ce fut une journ\u00e9e inoubliable o\u00f9 chaque instant a renforc\u00e9 les liens de notre grande famille.\u2026","rel":"","context":"In &quot;pics&quot;","block_context":{"text":"pics","link":"https:\/\/www.mitellus.com\/?cat=8"},"img":{"alt_text":"","src":"https:\/\/i0.wp.com\/www.mitellus.com\/wp-content\/uploads\/2025\/01\/img_1979-1.jpg?resize=350%2C200","width":350,"height":200,"srcset":"https:\/\/i0.wp.com\/www.mitellus.com\/wp-content\/uploads\/2025\/01\/img_1979-1.jpg?resize=350%2C200 1x, https:\/\/i0.wp.com\/www.mitellus.com\/wp-content\/uploads\/2025\/01\/img_1979-1.jpg?resize=525%2C300 1.5x, https:\/\/i0.wp.com\/www.mitellus.com\/wp-content\/uploads\/2025\/01\/img_1979-1.jpg?resize=700%2C400 2x"},"classes":[]}],"_links":{"self":[{"href":"https:\/\/www.mitellus.com\/index.php?rest_route=\/wp\/v2\/posts\/89","targetHints":{"allow":["GET"]}}],"collection":[{"href":"https:\/\/www.mitellus.com\/index.php?rest_route=\/wp\/v2\/posts"}],"about":[{"href":"https:\/\/www.mitellus.com\/index.php?rest_route=\/wp\/v2\/types\/post"}],"author":[{"embeddable":true,"href":"https:\/\/www.mitellus.com\/index.php?rest_route=\/wp\/v2\/users\/1"}],"replies":[{"embeddable":true,"href":"https:\/\/www.mitellus.com\/index.php?rest_route=%2Fwp%2Fv2%2Fcomments&post=89"}],"version-history":[{"count":2,"href":"https:\/\/www.mitellus.com\/index.php?rest_route=\/wp\/v2\/posts\/89\/revisions"}],"predecessor-version":[{"id":12086,"href":"https:\/\/www.mitellus.com\/index.php?rest_route=\/wp\/v2\/posts\/89\/revisions\/12086"}],"wp:attachment":[{"href":"https:\/\/www.mitellus.com\/index.php?rest_route=%2Fwp%2Fv2%2Fmedia&parent=89"}],"wp:term":[{"taxonomy":"category","embeddable":true,"href":"https:\/\/www.mitellus.com\/index.php?rest_route=%2Fwp%2Fv2%2Fcategories&post=89"},{"taxonomy":"post_tag","embeddable":true,"href":"https:\/\/www.mitellus.com\/index.php?rest_route=%2Fwp%2Fv2%2Ftags&post=89"}],"curies":[{"name":"wp","href":"https:\/\/api.w.org\/{rel}","templated":true}]}}