{"id":5591,"date":"2019-06-23T08:30:02","date_gmt":"2019-06-23T07:30:02","guid":{"rendered":"https:\/\/www.mitellus.com\/?p=5591"},"modified":"2019-06-23T10:20:03","modified_gmt":"2019-06-23T09:20:03","slug":"mundo-capoeira-2019","status":"publish","type":"post","link":"https:\/\/www.mitellus.com\/?p=5591","title":{"rendered":"Mundo capoeira 2019"},"content":{"rendered":"<p>Song S\u00e3o Bento De Grand Angola<\/p>\n<p><span class=\"embed-youtube\" style=\"text-align:center; display: block;\"><iframe loading=\"lazy\" class=\"youtube-player\" width=\"1380\" height=\"777\" src=\"https:\/\/www.youtube.com\/embed\/XkDanowUQc0?version=3&#038;rel=1&#038;showsearch=0&#038;showinfo=1&#038;iv_load_policy=1&#038;fs=1&#038;hl=en-US&#038;autohide=2&#038;wmode=transparent\" allowfullscreen=\"true\" style=\"border:0;\" sandbox=\"allow-scripts allow-same-origin allow-popups allow-presentation allow-popups-to-escape-sandbox\"><\/iframe><\/span><\/p>\n<p>E de Angola e de Angola e de Angola<\/p>\n<p>De Angola de Angola<\/p>\n<p>Nesse mundo C\u00e2mara<\/p>\n<p>Mas n\u00e3o h\u00e1 mas n\u00e3o h\u00e1<\/p>\n<p>Mas n\u00e3o h\u00e1 que me mande<\/p>\n<p>Eu s\u00f3 sei obedecer<\/p>\n<p>Se mandar S\u00e3o Bento grande<\/p>\n<p>E de Angola e de Angola e de Angola<\/p>\n<p>De Angola de Angola<\/p>\n<p>Meu av\u00f4 j\u00e1 foi escravo<\/p>\n<p>Mas viveu como valentia<\/p>\n<p>Descumpria a ordem dada<\/p>\n<p>Agitava a escravaria<\/p>\n<p>Vergalh\u00e3o, grande, tronco<\/p>\n<p>Era quase todo dia<\/p>\n<p>Quanto mais ele apanhava<\/p>\n<p>Menos de obedecia<\/p>\n<p>E de Angola e de Angola e de Angola<\/p>\n<p>De Angola de Angola<\/p>\n<p>Quando eu era ainda menino<\/p>\n<p>O meu me disse um dia<\/p>\n<p>A balan\u00e7a da justi\u00e7a<\/p>\n<p>Nunca pesa o que devia<\/p>\n<p>N\u00e3o me curvo a lei dos homens<\/p>\n<p>A raz\u00e3o e quem me guia<\/p>\n<p>Nem que seu av\u00f4 mandasse<\/p>\n<p>Eu n\u00e3o obedecia<\/p>\n<p>E de Angola e de Angola e de Angola<\/p>\n<p>De Angola de Angola<\/p>\n<p>Esse mundo n\u00e3o tem dano<\/p>\n<p>E quem me ensinou sabia<\/p>\n<p>Se tivesse dono o mundo<\/p>\n<p>Nele o novo moraria<\/p>\n<p>Como \u00e9 mundo sem dano<\/p>\n<p>N\u00e3o aceito hierarquia<\/p>\n<p>Eu n\u00e3o mando nesse mundo<\/p>\n<p>Nem no meu vai ter chefia<\/p>\n<p>E de Angola e de Angola e de Angola<\/p>\n<p>De Angola de Angola<\/p>\n","protected":false},"excerpt":{"rendered":"<p>Song S\u00e3o Bento De Grand Angola E de Angola e de Angola e de Angola De Angola de Angola Nesse mundo C\u00e2mara Mas n\u00e3o h\u00e1 mas n\u00e3o h\u00e1 Mas n\u00e3o h\u00e1 que me mande Eu s\u00f3 sei obedecer Se mandar S\u00e3o Bento grande E de Angola e de Angola e<span class=\"more-link\"><a href=\"https:\/\/www.mitellus.com\/?p=5591\">Continue Reading<\/a><\/span><\/p>\n","protected":false},"author":1,"featured_media":5590,"comment_status":"closed","ping_status":"open","sticky":false,"template":"","format":"standard","meta":{"jetpack_post_was_ever_published":false,"_jetpack_newsletter_access":"","_jetpack_dont_email_post_to_subs":false,"_jetpack_newsletter_tier_id":0,"_jetpack_memberships_contains_paywalled_content":false,"_jetpack_memberships_contains_paid_content":false,"footnotes":""},"categories":[4,8],"tags":[1079,48,133,209,211,251,268,350,381,386],"class_list":["entry","author-admin","post-5591","post","type-post","status-publish","format-standard","has-post-thumbnail","category-capoeira","category-pics","tag-1079","tag-batizado","tag-dublin","tag-ireland","tag-irlande","tag-maw","tag-mundo","tag-sport","tag-video","tag-visit"],"jetpack_featured_media_url":"https:\/\/i0.wp.com\/www.mitellus.com\/wp-content\/uploads\/2019\/06\/img_2388.jpg?fit=708%2C1000&ssl=1","jetpack_shortlink":"https:\/\/wp.me\/p35eub-1sb","jetpack_sharing_enabled":true,"jetpack_likes_enabled":true,"jetpack-related-posts":[{"id":161,"url":"https:\/\/www.mitellus.com\/?p=161","url_meta":{"origin":5591,"position":0},"title":"Skill  Required  to change your belt to a Laranja (Orange belt )","author":"admin","date":"05\/05\/2008","format":false,"excerpt":"Skill Required to change your belt to a Laranja (Orange belt ) in the Mundo Capoeira Ireland group","rel":"","context":"In &quot;Capoeira&quot;","block_context":{"text":"Capoeira","link":"https:\/\/www.mitellus.com\/?cat=4"},"img":{"alt_text":"","src":"https:\/\/i0.wp.com\/www.abadacascais.com\/images\/cordaLaranja%5B1%5D.jpg?resize=350%2C200","width":350,"height":200},"classes":[]},{"id":10009,"url":"https:\/\/www.mitellus.com\/?p=10009","url_meta":{"origin":5591,"position":1},"title":"Mundo Capoeira Ireland Batizado 2022","author":"admin","date":"24\/06\/2022","format":false,"excerpt":"It was about time I know but I wanted to make most of the captures that I was lucky enough to collect from this exclusive event. The 19th Na Ginga Da Capoeira Festival The kids version : https:\/\/youtu.be\/IfHIaQ7xFo0 And the grown ups. https:\/\/youtu.be\/eamnN8bCQkY In this lengthy video you will be\u2026","rel":"","context":"In &quot;Capoeira&quot;","block_context":{"text":"Capoeira","link":"https:\/\/www.mitellus.com\/?cat=4"},"img":{"alt_text":"","src":"https:\/\/i0.wp.com\/www.mitellus.com\/wp-content\/uploads\/2022\/06\/287151779_5232206540150236_6419377203518916460_n.jpg?fit=1000%2C562&ssl=1&resize=350%2C200","width":350,"height":200,"srcset":"https:\/\/i0.wp.com\/www.mitellus.com\/wp-content\/uploads\/2022\/06\/287151779_5232206540150236_6419377203518916460_n.jpg?fit=1000%2C562&ssl=1&resize=350%2C200 1x, https:\/\/i0.wp.com\/www.mitellus.com\/wp-content\/uploads\/2022\/06\/287151779_5232206540150236_6419377203518916460_n.jpg?fit=1000%2C562&ssl=1&resize=525%2C300 1.5x, https:\/\/i0.wp.com\/www.mitellus.com\/wp-content\/uploads\/2022\/06\/287151779_5232206540150236_6419377203518916460_n.jpg?fit=1000%2C562&ssl=1&resize=700%2C400 2x"},"classes":[]},{"id":160,"url":"https:\/\/www.mitellus.com\/?p=160","url_meta":{"origin":5591,"position":2},"title":"Skill  Required  to change your belt to a Branca \u2013 Laranja (White &#8211; Orange belt)","author":"admin","date":"04\/05\/2008","format":false,"excerpt":"Skill Required to change your belt to a Branca \u2013 Laranja (White - Orange belt) in the Mundo Capoeira Ireland group","rel":"","context":"In &quot;Capoeira&quot;","block_context":{"text":"Capoeira","link":"https:\/\/www.mitellus.com\/?cat=4"},"img":{"alt_text":"","src":"https:\/\/i0.wp.com\/www.abadacascais.com\/images\/cordaCruaLaranja%5B1%5D.jpg?resize=350%2C200","width":350,"height":200},"classes":[]},{"id":162,"url":"https:\/\/www.mitellus.com\/?p=162","url_meta":{"origin":5591,"position":3},"title":"Skill  Required  to change your belt to a Laranja &#8211; Azul (Orange &#8211; Blue belt)","author":"admin","date":"07\/05\/2008","format":false,"excerpt":"Skill Required to change your belt to a Laranja - Azul (Orange - Blue belt) in the Mundo Capoeira Ireland group","rel":"","context":"In &quot;Capoeira&quot;","block_context":{"text":"Capoeira","link":"https:\/\/www.mitellus.com\/?cat=4"},"img":{"alt_text":"","src":"https:\/\/i0.wp.com\/www.abadacascais.com\/images\/cordaLaranja%5B1%5D.jpg?resize=350%2C200","width":350,"height":200},"classes":[]},{"id":560,"url":"https:\/\/www.mitellus.com\/?p=560","url_meta":{"origin":5591,"position":4},"title":"Last rodas for Giraffa in Ireland","author":"admin","date":"15\/11\/2011","format":false,"excerpt":"Last rodas for Giraffa in IrelandQuick snaps of the good vibe created by \u201cNacao Zumbi Angola roda grupo Capoeira\u201d and Centro Cultural Capoeira \u00c1gua de Beber (CECAB) last Saturday, in the lantern centre, Dublin.","rel":"","context":"In &quot;Capoeira&quot;","block_context":{"text":"Capoeira","link":"https:\/\/www.mitellus.com\/?cat=4"},"img":{"alt_text":"Na\u00e7\u00e3o Zumb\u00ed Logo","src":"https:\/\/i0.wp.com\/www.capoeiradublin.com\/images\/logo_001_cropped.gif?resize=350%2C200","width":350,"height":200},"classes":[]},{"id":12660,"url":"https:\/\/www.mitellus.com\/?p=12660","url_meta":{"origin":5591,"position":5},"title":"Capoeira Movimentos &amp; Golpes","author":"admin","date":"05\/02\/2025","format":false,"excerpt":"Source: https:\/\/www.capoeiraireland.com Movimentos Basicos\/ Avan\u00e7ados Ginga Ginga e Quebrada lateral um lado Finta Finta c perna de tras Quebrada funda Quebrada lateral Queda de rins Tran\u00e7ada de pernas 1 Esquiva 2 Esquiva 3 Esquiva 1 Esquiva avan\u00e7ando 2 Esquiva avan\u00e7ando 3 esquina Diagonal Ginga com Pinta Ginga c Quebrada lateral\u2026","rel":"","context":"In &quot;Capoeira&quot;","block_context":{"text":"Capoeira","link":"https:\/\/www.mitellus.com\/?cat=4"},"img":{"alt_text":"","src":"https:\/\/i0.wp.com\/www.mitellus.com\/wp-content\/uploads\/2025\/02\/2025-02-05-11.30.26.jpg?resize=350%2C200&ssl=1","width":350,"height":200,"srcset":"https:\/\/i0.wp.com\/www.mitellus.com\/wp-content\/uploads\/2025\/02\/2025-02-05-11.30.26.jpg?resize=350%2C200&ssl=1 1x, https:\/\/i0.wp.com\/www.mitellus.com\/wp-content\/uploads\/2025\/02\/2025-02-05-11.30.26.jpg?resize=525%2C300&ssl=1 1.5x, https:\/\/i0.wp.com\/www.mitellus.com\/wp-content\/uploads\/2025\/02\/2025-02-05-11.30.26.jpg?resize=700%2C400&ssl=1 2x, https:\/\/i0.wp.com\/www.mitellus.com\/wp-content\/uploads\/2025\/02\/2025-02-05-11.30.26.jpg?resize=1050%2C600&ssl=1 3x, https:\/\/i0.wp.com\/www.mitellus.com\/wp-content\/uploads\/2025\/02\/2025-02-05-11.30.26.jpg?resize=1400%2C800&ssl=1 4x"},"classes":[]}],"_links":{"self":[{"href":"https:\/\/www.mitellus.com\/index.php?rest_route=\/wp\/v2\/posts\/5591","targetHints":{"allow":["GET"]}}],"collection":[{"href":"https:\/\/www.mitellus.com\/index.php?rest_route=\/wp\/v2\/posts"}],"about":[{"href":"https:\/\/www.mitellus.com\/index.php?rest_route=\/wp\/v2\/types\/post"}],"author":[{"embeddable":true,"href":"https:\/\/www.mitellus.com\/index.php?rest_route=\/wp\/v2\/users\/1"}],"replies":[{"embeddable":true,"href":"https:\/\/www.mitellus.com\/index.php?rest_route=%2Fwp%2Fv2%2Fcomments&post=5591"}],"version-history":[{"count":1,"href":"https:\/\/www.mitellus.com\/index.php?rest_route=\/wp\/v2\/posts\/5591\/revisions"}],"predecessor-version":[{"id":5592,"href":"https:\/\/www.mitellus.com\/index.php?rest_route=\/wp\/v2\/posts\/5591\/revisions\/5592"}],"wp:featuredmedia":[{"embeddable":true,"href":"https:\/\/www.mitellus.com\/index.php?rest_route=\/wp\/v2\/media\/5590"}],"wp:attachment":[{"href":"https:\/\/www.mitellus.com\/index.php?rest_route=%2Fwp%2Fv2%2Fmedia&parent=5591"}],"wp:term":[{"taxonomy":"category","embeddable":true,"href":"https:\/\/www.mitellus.com\/index.php?rest_route=%2Fwp%2Fv2%2Fcategories&post=5591"},{"taxonomy":"post_tag","embeddable":true,"href":"https:\/\/www.mitellus.com\/index.php?rest_route=%2Fwp%2Fv2%2Ftags&post=5591"}],"curies":[{"name":"wp","href":"https:\/\/api.w.org\/{rel}","templated":true}]}}