{"id":4210,"date":"2016-12-20T10:00:01","date_gmt":"2016-12-20T10:00:01","guid":{"rendered":"http:\/\/www.mitellus.com\/?p=4210"},"modified":"2024-03-06T18:10:58","modified_gmt":"2024-03-06T18:10:58","slug":"bonne-fete-caf-ile-de-la-reunion-2016","status":"publish","type":"post","link":"https:\/\/www.mitellus.com\/?p=4210","title":{"rendered":"Bonne F\u00eate Caf &#8211; Ile de La R\u00e9union 2016"},"content":{"rendered":"<p><span class=\"embed-youtube\" style=\"text-align:center; display: block;\"><iframe loading=\"lazy\" class=\"youtube-player\" width=\"1380\" height=\"777\" src=\"https:\/\/www.youtube.com\/embed\/JiZZkNCWBDo?version=3&#038;rel=1&#038;showsearch=0&#038;showinfo=1&#038;iv_load_policy=1&#038;fs=1&#038;hl=en-US&#038;autohide=2&#038;wmode=transparent\" allowfullscreen=\"true\" style=\"border:0;\" sandbox=\"allow-scripts allow-same-origin allow-popups allow-presentation allow-popups-to-escape-sandbox\"><\/iframe><\/span><\/p>\n<p>Today Reunion island celebrates the &#8220;Fet Kaf&#8221;: the anniversary of the end of slavery (back in 1848) an another good reason to\u00a0share the magic of this pearl in the middle of the Indian Ocean.<\/p>\n<p>Enjoy.<\/p>\n<p>&nbsp;<\/p>\n","protected":false},"excerpt":{"rendered":"<p>Today Reunion island celebrates the &#8220;Fet Kaf&#8221;: the anniversary of the end of slavery (back in 1848) an another good reason to\u00a0share the magic of this pearl in the middle of the Indian Ocean. Enjoy. &nbsp;<span class=\"more-link\"><a href=\"https:\/\/www.mitellus.com\/?p=4210\">Continue Reading<\/a><\/span><\/p>\n","protected":false},"author":1,"featured_media":4347,"comment_status":"closed","ping_status":"open","sticky":false,"template":"","format":"standard","meta":{"jetpack_post_was_ever_published":false,"_jetpack_newsletter_access":"","_jetpack_dont_email_post_to_subs":true,"_jetpack_newsletter_tier_id":0,"_jetpack_memberships_contains_paywalled_content":false,"_jetpack_memberships_contains_paid_content":false,"footnotes":""},"categories":[7,8],"tags":[935,937,767,936,317,367,368,386,387],"class_list":["entry","author-admin","post-4210","post","type-post","status-publish","format-standard","has-post-thumbnail","category-media","category-pics","tag-935","tag-caf","tag-fete","tag-kaf","tag-reunion","tag-tourism","tag-tourisme","tag-visit","tag-visite"],"jetpack_featured_media_url":"https:\/\/i0.wp.com\/www.mitellus.com\/wp-content\/uploads\/2017\/01\/MAW_fournaise_2016-5.jpg?fit=1024%2C290&ssl=1","jetpack_shortlink":"https:\/\/wp.me\/p35eub-15U","jetpack_sharing_enabled":true,"jetpack_likes_enabled":true,"jetpack-related-posts":[{"id":3802,"url":"https:\/\/www.mitellus.com\/?p=3802","url_meta":{"origin":4210,"position":0},"title":"Bonne Fet Caf !","author":"admin","date":"20\/12\/2015","format":false,"excerpt":"Today is the respectful day that marks the abolition of slavery in reunion island. Here are some of my links and traces of the trip in 2014. Not to tell this place is definitely the best on earth! This video can prove it: https:\/\/youtu.be\/6n3lxBONYjk \u00a0 \u00a0","rel":"","context":"In &quot;pics&quot;","block_context":{"text":"pics","link":"https:\/\/www.mitellus.com\/?cat=8"},"img":{"alt_text":"","src":"https:\/\/i0.wp.com\/www.mitellus.com\/wp-content\/uploads\/2015\/03\/maw_run_2014.jpg?fit=1024%2C445&ssl=1&resize=350%2C200","width":350,"height":200,"srcset":"https:\/\/i0.wp.com\/www.mitellus.com\/wp-content\/uploads\/2015\/03\/maw_run_2014.jpg?fit=1024%2C445&ssl=1&resize=350%2C200 1x, https:\/\/i0.wp.com\/www.mitellus.com\/wp-content\/uploads\/2015\/03\/maw_run_2014.jpg?fit=1024%2C445&ssl=1&resize=525%2C300 1.5x, https:\/\/i0.wp.com\/www.mitellus.com\/wp-content\/uploads\/2015\/03\/maw_run_2014.jpg?fit=1024%2C445&ssl=1&resize=700%2C400 2x"},"classes":[]},{"id":5092,"url":"https:\/\/www.mitellus.com\/?p=5092","url_meta":{"origin":4210,"position":1},"title":"Seasons greetings from Cork","author":"admin","date":"20\/12\/2018","format":false,"excerpt":"Busy between the school Choirs and gifts hunting, I can now wish you: Bonne Fete Caf Happy pub crawling Happy Christmas, and so on ... May the end of the year be enjoyable And please spare a tree: be more creative than this :)","rel":"","context":"In &quot;pics&quot;","block_context":{"text":"pics","link":"https:\/\/www.mitellus.com\/?cat=8"},"img":{"alt_text":"","src":"https:\/\/i0.wp.com\/www.mitellus.com\/wp-content\/uploads\/2018\/01\/maw-4-13.jpg?fit=1024%2C725&ssl=1&resize=350%2C200","width":350,"height":200,"srcset":"https:\/\/i0.wp.com\/www.mitellus.com\/wp-content\/uploads\/2018\/01\/maw-4-13.jpg?fit=1024%2C725&ssl=1&resize=350%2C200 1x, https:\/\/i0.wp.com\/www.mitellus.com\/wp-content\/uploads\/2018\/01\/maw-4-13.jpg?fit=1024%2C725&ssl=1&resize=525%2C300 1.5x, https:\/\/i0.wp.com\/www.mitellus.com\/wp-content\/uploads\/2018\/01\/maw-4-13.jpg?fit=1024%2C725&ssl=1&resize=700%2C400 2x"},"classes":[]},{"id":4516,"url":"https:\/\/www.mitellus.com\/?p=4516","url_meta":{"origin":4210,"position":2},"title":"Flore r\u00e9unionnaise","author":"admin","date":"15\/10\/2017","format":false,"excerpt":"Colourful plants, unusual shapes, here are some of the\u00a0little astonishing local plants found in La R\u00e9union.","rel":"","context":"In &quot;pics&quot;","block_context":{"text":"pics","link":"https:\/\/www.mitellus.com\/?cat=8"},"img":{"alt_text":"","src":"https:\/\/i0.wp.com\/www.mitellus.com\/wp-content\/uploads\/2017\/01\/MAW_runflore_2016-12.jpg?fit=1024%2C766&ssl=1&resize=350%2C200","width":350,"height":200,"srcset":"https:\/\/i0.wp.com\/www.mitellus.com\/wp-content\/uploads\/2017\/01\/MAW_runflore_2016-12.jpg?fit=1024%2C766&ssl=1&resize=350%2C200 1x, https:\/\/i0.wp.com\/www.mitellus.com\/wp-content\/uploads\/2017\/01\/MAW_runflore_2016-12.jpg?fit=1024%2C766&ssl=1&resize=525%2C300 1.5x, https:\/\/i0.wp.com\/www.mitellus.com\/wp-content\/uploads\/2017\/01\/MAW_runflore_2016-12.jpg?fit=1024%2C766&ssl=1&resize=700%2C400 2x"},"classes":[]},{"id":4418,"url":"https:\/\/www.mitellus.com\/?p=4418","url_meta":{"origin":4210,"position":3},"title":"Mafate &#8211; Ile de La R\u00e9union","author":"admin","date":"01\/08\/2017","format":false,"excerpt":"Let's discover Mafate through a closed walk path (don't do this kids if you don't know the place). This place can only be reached by helicopter or by foot. Nature there is strong and preserved, ... but for how long?","rel":"","context":"In &quot;pics&quot;","block_context":{"text":"pics","link":"https:\/\/www.mitellus.com\/?cat=8"},"img":{"alt_text":"","src":"https:\/\/i0.wp.com\/www.mitellus.com\/wp-content\/uploads\/2017\/01\/MAW_Mafate_2016-15.jpg?fit=1024%2C599&ssl=1&resize=350%2C200","width":350,"height":200,"srcset":"https:\/\/i0.wp.com\/www.mitellus.com\/wp-content\/uploads\/2017\/01\/MAW_Mafate_2016-15.jpg?fit=1024%2C599&ssl=1&resize=350%2C200 1x, https:\/\/i0.wp.com\/www.mitellus.com\/wp-content\/uploads\/2017\/01\/MAW_Mafate_2016-15.jpg?fit=1024%2C599&ssl=1&resize=525%2C300 1.5x, https:\/\/i0.wp.com\/www.mitellus.com\/wp-content\/uploads\/2017\/01\/MAW_Mafate_2016-15.jpg?fit=1024%2C599&ssl=1&resize=700%2C400 2x"},"classes":[]},{"id":4547,"url":"https:\/\/www.mitellus.com\/?p=4547","url_meta":{"origin":4210,"position":4},"title":"The Mountains of Reunion Island","author":"admin","date":"20\/06\/2017","format":false,"excerpt":"Away from the coast let's see\u00a0\u00a0what is inside this young island. Between Plaines\u00a0and \u00a03 Circus you can walk on the high point of the Indian Ocean: a\u00a03070m high sleepy volcano or just an active one if you are lucky enough. You can also visit hidden cascades or simply test if\u2026","rel":"","context":"In &quot;pics&quot;","block_context":{"text":"pics","link":"https:\/\/www.mitellus.com\/?cat=8"},"img":{"alt_text":"","src":"https:\/\/i0.wp.com\/www.mitellus.com\/wp-content\/uploads\/2017\/01\/MAW_runleo_2016-16.jpg?fit=1024%2C551&ssl=1&resize=350%2C200","width":350,"height":200,"srcset":"https:\/\/i0.wp.com\/www.mitellus.com\/wp-content\/uploads\/2017\/01\/MAW_runleo_2016-16.jpg?fit=1024%2C551&ssl=1&resize=350%2C200 1x, https:\/\/i0.wp.com\/www.mitellus.com\/wp-content\/uploads\/2017\/01\/MAW_runleo_2016-16.jpg?fit=1024%2C551&ssl=1&resize=525%2C300 1.5x, https:\/\/i0.wp.com\/www.mitellus.com\/wp-content\/uploads\/2017\/01\/MAW_runleo_2016-16.jpg?fit=1024%2C551&ssl=1&resize=700%2C400 2x"},"classes":[]},{"id":3174,"url":"https:\/\/www.mitellus.com\/?p=3174","url_meta":{"origin":4210,"position":5},"title":"Bale le 31 juillet 2004","author":"admin","date":"31\/07\/2004","format":false,"excerpt":"La soiree de la fete nationale sur les bancs du Rhin est une chose vivement conseillee. C'est magnifique niveau spectacle et ambiance. Imaginez nous parmis des milliers de personnes entourant le Rhin, dans une f\u00eate tr\u00e8s conviviale. Le centre est totalement coup\u00e9, les langues se m\u00e9langent dans le bruit des\u2026","rel":"","context":"In &quot;pics&quot;","block_context":{"text":"pics","link":"https:\/\/www.mitellus.com\/?cat=8"},"img":{"alt_text":"","src":"https:\/\/i0.wp.com\/www.mitellus.com\/wp-content\/uploads\/2012\/05\/maw12.jpg?fit=405%2C255&ssl=1&resize=350%2C200","width":350,"height":200},"classes":[]}],"_links":{"self":[{"href":"https:\/\/www.mitellus.com\/index.php?rest_route=\/wp\/v2\/posts\/4210","targetHints":{"allow":["GET"]}}],"collection":[{"href":"https:\/\/www.mitellus.com\/index.php?rest_route=\/wp\/v2\/posts"}],"about":[{"href":"https:\/\/www.mitellus.com\/index.php?rest_route=\/wp\/v2\/types\/post"}],"author":[{"embeddable":true,"href":"https:\/\/www.mitellus.com\/index.php?rest_route=\/wp\/v2\/users\/1"}],"replies":[{"embeddable":true,"href":"https:\/\/www.mitellus.com\/index.php?rest_route=%2Fwp%2Fv2%2Fcomments&post=4210"}],"version-history":[{"count":1,"href":"https:\/\/www.mitellus.com\/index.php?rest_route=\/wp\/v2\/posts\/4210\/revisions"}],"predecessor-version":[{"id":4211,"href":"https:\/\/www.mitellus.com\/index.php?rest_route=\/wp\/v2\/posts\/4210\/revisions\/4211"}],"wp:featuredmedia":[{"embeddable":true,"href":"https:\/\/www.mitellus.com\/index.php?rest_route=\/wp\/v2\/media\/4347"}],"wp:attachment":[{"href":"https:\/\/www.mitellus.com\/index.php?rest_route=%2Fwp%2Fv2%2Fmedia&parent=4210"}],"wp:term":[{"taxonomy":"category","embeddable":true,"href":"https:\/\/www.mitellus.com\/index.php?rest_route=%2Fwp%2Fv2%2Fcategories&post=4210"},{"taxonomy":"post_tag","embeddable":true,"href":"https:\/\/www.mitellus.com\/index.php?rest_route=%2Fwp%2Fv2%2Ftags&post=4210"}],"curies":[{"name":"wp","href":"https:\/\/api.w.org\/{rel}","templated":true}]}}