{"id":3170,"date":"2001-10-31T14:18:54","date_gmt":"2001-10-31T14:18:54","guid":{"rendered":"http:\/\/www.mitellus.com\/?p=3170"},"modified":"2012-05-06T14:27:46","modified_gmt":"2012-05-06T14:27:46","slug":"basel-october-13th-2001","status":"publish","type":"post","link":"https:\/\/www.mitellus.com\/?p=3170","title":{"rendered":"Basel October 13th 2001"},"content":{"rendered":"","protected":false},"excerpt":{"rendered":"<p><span class=\"more-link\"><a href=\"https:\/\/www.mitellus.com\/?p=3170\">Continue Reading<\/a><\/span><\/p>\n","protected":false},"author":1,"featured_media":3171,"comment_status":"open","ping_status":"open","sticky":false,"template":"","format":"standard","meta":{"jetpack_post_was_ever_published":false,"_jetpack_newsletter_access":"","_jetpack_dont_email_post_to_subs":false,"_jetpack_newsletter_tier_id":0,"_jetpack_memberships_contains_paywalled_content":false,"_jetpack_memberships_contains_paid_content":false,"footnotes":""},"categories":[8],"tags":[461,766,763,764,765],"class_list":["entry","author-admin","post-3170","post","type-post","status-publish","format-standard","has-post-thumbnail","category-pics","tag-461","tag-bale","tag-basel","tag-suisse","tag-switz"],"jetpack_featured_media_url":"https:\/\/i0.wp.com\/www.mitellus.com\/wp-content\/uploads\/2012\/05\/maw-7.jpg?fit=800%2C600&ssl=1","jetpack_shortlink":"https:\/\/wp.me\/p35eub-P8","jetpack_sharing_enabled":true,"jetpack_likes_enabled":true,"jetpack-related-posts":[{"id":3174,"url":"https:\/\/www.mitellus.com\/?p=3174","url_meta":{"origin":3170,"position":0},"title":"Bale le 31 juillet 2004","author":"admin","date":"31\/07\/2004","format":false,"excerpt":"La soiree de la fete nationale sur les bancs du Rhin est une chose vivement conseillee. C'est magnifique niveau spectacle et ambiance. Imaginez nous parmis des milliers de personnes entourant le Rhin, dans une f\u00eate tr\u00e8s conviviale. Le centre est totalement coup\u00e9, les langues se m\u00e9langent dans le bruit des\u2026","rel":"","context":"In &quot;pics&quot;","block_context":{"text":"pics","link":"https:\/\/www.mitellus.com\/?cat=8"},"img":{"alt_text":"","src":"https:\/\/i0.wp.com\/www.mitellus.com\/wp-content\/uploads\/2012\/05\/maw12.jpg?fit=405%2C255&ssl=1&resize=350%2C200","width":350,"height":200},"classes":[]},{"id":11456,"url":"https:\/\/www.mitellus.com\/?p=11456","url_meta":{"origin":3170,"position":1},"title":"Morgenstreich of Basel","author":"admin","date":"09\/03\/2025","format":false,"excerpt":"The Morgenstreich of Basel is a vibrant and colorful display of lights, music, and creativity that marks the beginning of the Basel Carnival. This popular event is a must-see for locals and tourists alike, as it provides a unique and unforgettable experience that celebrates the rich culture and tradition of\u2026","rel":"","context":"In &quot;pics&quot;","block_context":{"text":"pics","link":"https:\/\/www.mitellus.com\/?cat=8"},"img":{"alt_text":"","src":"https:\/\/i0.wp.com\/www.mitellus.com\/wp-content\/uploads\/2024\/02\/maw-2023-bsl-morgen-7.jpg?fit=1024%2C576&ssl=1%3Fv%3D1709218426&resize=350%2C200","width":350,"height":200,"srcset":"https:\/\/i0.wp.com\/www.mitellus.com\/wp-content\/uploads\/2024\/02\/maw-2023-bsl-morgen-7.jpg?fit=1024%2C576&ssl=1%3Fv%3D1709218426&resize=350%2C200 1x, https:\/\/i0.wp.com\/www.mitellus.com\/wp-content\/uploads\/2024\/02\/maw-2023-bsl-morgen-7.jpg?fit=1024%2C576&ssl=1%3Fv%3D1709218426&resize=525%2C300 1.5x, https:\/\/i0.wp.com\/www.mitellus.com\/wp-content\/uploads\/2024\/02\/maw-2023-bsl-morgen-7.jpg?fit=1024%2C576&ssl=1%3Fv%3D1709218426&resize=700%2C400 2x"},"classes":[]},{"id":8571,"url":"https:\/\/www.mitellus.com\/?p=8571","url_meta":{"origin":3170,"position":2},"title":"Basel","author":"admin","date":"26\/09\/2022","format":false,"excerpt":"This place wouldn't be a first choice to visit in Switzerland but has a great potential. ... If we forget the industrial part, the polluted part, the chemical part, the noisy part and the local attitude ... Example, if you cross the border with a car full of white people:\u2026","rel":"","context":"In &quot;pics&quot;","block_context":{"text":"pics","link":"https:\/\/www.mitellus.com\/?cat=8"},"img":{"alt_text":"","src":"https:\/\/i0.wp.com\/www.mitellus.com\/wp-content\/uploads\/2022\/01\/maw-1-1.jpg?fit=1024%2C768&ssl=1&resize=350%2C200","width":350,"height":200,"srcset":"https:\/\/i0.wp.com\/www.mitellus.com\/wp-content\/uploads\/2022\/01\/maw-1-1.jpg?fit=1024%2C768&ssl=1&resize=350%2C200 1x, https:\/\/i0.wp.com\/www.mitellus.com\/wp-content\/uploads\/2022\/01\/maw-1-1.jpg?fit=1024%2C768&ssl=1&resize=525%2C300 1.5x, https:\/\/i0.wp.com\/www.mitellus.com\/wp-content\/uploads\/2022\/01\/maw-1-1.jpg?fit=1024%2C768&ssl=1&resize=700%2C400 2x"},"classes":[]},{"id":1227,"url":"https:\/\/www.mitellus.com\/?p=1227","url_meta":{"origin":3170,"position":3},"title":"Grande Anse 2001","author":"admin","date":"20\/08\/2001","format":false,"excerpt":"\u00a0 Retour sur : La R\u00e9union La France","rel":"","context":"In &quot;pics&quot;","block_context":{"text":"pics","link":"https:\/\/www.mitellus.com\/?cat=8"},"img":{"alt_text":"","src":"https:\/\/i0.wp.com\/www.mitellus.com\/wp-content\/uploads\/2012\/03\/maw-220.jpg?fit=800%2C600&ssl=1&resize=350%2C200","width":350,"height":200,"srcset":"https:\/\/i0.wp.com\/www.mitellus.com\/wp-content\/uploads\/2012\/03\/maw-220.jpg?fit=800%2C600&ssl=1&resize=350%2C200 1x, https:\/\/i0.wp.com\/www.mitellus.com\/wp-content\/uploads\/2012\/03\/maw-220.jpg?fit=800%2C600&ssl=1&resize=525%2C300 1.5x, https:\/\/i0.wp.com\/www.mitellus.com\/wp-content\/uploads\/2012\/03\/maw-220.jpg?fit=800%2C600&ssl=1&resize=700%2C400 2x"},"classes":[]},{"id":1211,"url":"https:\/\/www.mitellus.com\/?p=1211","url_meta":{"origin":3170,"position":4},"title":"Plaine des Cafres 2001","author":"admin","date":"20\/03\/2001","format":false,"excerpt":"retour sur : La R\u00e9union France","rel":"","context":"In &quot;pics&quot;","block_context":{"text":"pics","link":"https:\/\/www.mitellus.com\/?cat=8"},"img":{"alt_text":"","src":"https:\/\/i0.wp.com\/www.mitellus.com\/wp-content\/uploads\/2012\/03\/maw-218.jpg?fit=800%2C600&ssl=1&resize=350%2C200","width":350,"height":200,"srcset":"https:\/\/i0.wp.com\/www.mitellus.com\/wp-content\/uploads\/2012\/03\/maw-218.jpg?fit=800%2C600&ssl=1&resize=350%2C200 1x, https:\/\/i0.wp.com\/www.mitellus.com\/wp-content\/uploads\/2012\/03\/maw-218.jpg?fit=800%2C600&ssl=1&resize=525%2C300 1.5x, https:\/\/i0.wp.com\/www.mitellus.com\/wp-content\/uploads\/2012\/03\/maw-218.jpg?fit=800%2C600&ssl=1&resize=700%2C400 2x"},"classes":[]},{"id":2184,"url":"https:\/\/www.mitellus.com\/?p=2184","url_meta":{"origin":3170,"position":5},"title":"Europa Park 2001","author":"admin","date":"26\/07\/2001","format":false,"excerpt":"Trop terrible les journ\u00e9es a ce parc que je conseille 100 fois plus qu' Eurodisney","rel":"","context":"In &quot;pics&quot;","block_context":{"text":"pics","link":"https:\/\/www.mitellus.com\/?cat=8"},"img":{"alt_text":"","src":"https:\/\/i0.wp.com\/www.mitellus.com\/wp-content\/uploads\/2012\/03\/maw-368.jpg?fit=800%2C600&ssl=1&resize=350%2C200","width":350,"height":200,"srcset":"https:\/\/i0.wp.com\/www.mitellus.com\/wp-content\/uploads\/2012\/03\/maw-368.jpg?fit=800%2C600&ssl=1&resize=350%2C200 1x, https:\/\/i0.wp.com\/www.mitellus.com\/wp-content\/uploads\/2012\/03\/maw-368.jpg?fit=800%2C600&ssl=1&resize=525%2C300 1.5x, https:\/\/i0.wp.com\/www.mitellus.com\/wp-content\/uploads\/2012\/03\/maw-368.jpg?fit=800%2C600&ssl=1&resize=700%2C400 2x"},"classes":[]}],"_links":{"self":[{"href":"https:\/\/www.mitellus.com\/index.php?rest_route=\/wp\/v2\/posts\/3170","targetHints":{"allow":["GET"]}}],"collection":[{"href":"https:\/\/www.mitellus.com\/index.php?rest_route=\/wp\/v2\/posts"}],"about":[{"href":"https:\/\/www.mitellus.com\/index.php?rest_route=\/wp\/v2\/types\/post"}],"author":[{"embeddable":true,"href":"https:\/\/www.mitellus.com\/index.php?rest_route=\/wp\/v2\/users\/1"}],"replies":[{"embeddable":true,"href":"https:\/\/www.mitellus.com\/index.php?rest_route=%2Fwp%2Fv2%2Fcomments&post=3170"}],"version-history":[{"count":1,"href":"https:\/\/www.mitellus.com\/index.php?rest_route=\/wp\/v2\/posts\/3170\/revisions"}],"predecessor-version":[{"id":3172,"href":"https:\/\/www.mitellus.com\/index.php?rest_route=\/wp\/v2\/posts\/3170\/revisions\/3172"}],"wp:featuredmedia":[{"embeddable":true,"href":"https:\/\/www.mitellus.com\/index.php?rest_route=\/wp\/v2\/media\/3171"}],"wp:attachment":[{"href":"https:\/\/www.mitellus.com\/index.php?rest_route=%2Fwp%2Fv2%2Fmedia&parent=3170"}],"wp:term":[{"taxonomy":"category","embeddable":true,"href":"https:\/\/www.mitellus.com\/index.php?rest_route=%2Fwp%2Fv2%2Fcategories&post=3170"},{"taxonomy":"post_tag","embeddable":true,"href":"https:\/\/www.mitellus.com\/index.php?rest_route=%2Fwp%2Fv2%2Ftags&post=3170"}],"curies":[{"name":"wp","href":"https:\/\/api.w.org\/{rel}","templated":true}]}}