{"id":2652,"date":"2012-05-05T08:00:20","date_gmt":"2012-05-05T08:00:20","guid":{"rendered":"http:\/\/www.mitellus.com\/?p=2652"},"modified":"2012-04-29T20:57:53","modified_gmt":"2012-04-29T20:57:53","slug":"barcelone-2011","status":"publish","type":"post","link":"https:\/\/www.mitellus.com\/?p=2652","title":{"rendered":"Barcelone 2011"},"content":{"rendered":"<p>3 jours de fin mars sympas a Barcelone a vagabonder sous 20 degres celsius entre les points d&#8217;attraction principaux de cette ville tr\u00e8s compl\u00e8te.<\/p>\n<p><strong>Jour 1: <\/strong>Vol vers Barcelone avec le passage des pyr\u00e9n\u00e9ennes et arriv\u00e9e dans la partie la plus ancienne de la ville.<\/p>\n<p><object width=\"600\" height=\"400\" classid=\"clsid:d27cdb6e-ae6d-11cf-96b8-444553540000\" codebase=\"http:\/\/download.macromedia.com\/pub\/shockwave\/cabs\/flash\/swflash.cab#version=6,0,40,0\"><param name=\"src\" value=\"https:\/\/picasaweb.google.com\/s\/c\/bin\/slideshow.swf\" \/><param name=\"flashvars\" value=\"host=picasaweb.google.com&amp;hl=en_GB&amp;feat=flashalbum&amp;RGB=0x000000&amp;feed=https%3A%2F%2Fpicasaweb.google.com%2Fdata%2Ffeed%2Fapi%2Fuser%2FMawPicasa1%2Falbumid%2F5736588380775397601%3Falt%3Drss%26kind%3Dphoto%26hl%3Den_GB\" \/><param name=\"pluginspage\" value=\"http:\/\/www.macromedia.com\/go\/getflashplayer\" \/><\/object><\/p>\n<p>&nbsp;<\/p>\n<p><strong>Jour 2:<\/strong><\/p>\n<p><object width=\"600\" height=\"400\" classid=\"clsid:d27cdb6e-ae6d-11cf-96b8-444553540000\" codebase=\"http:\/\/download.macromedia.com\/pub\/shockwave\/cabs\/flash\/swflash.cab#version=6,0,40,0\"><param name=\"src\" value=\"https:\/\/picasaweb.google.com\/s\/c\/bin\/slideshow.swf\" \/><param name=\"flashvars\" value=\"host=picasaweb.google.com&amp;hl=en_GB&amp;feat=flashalbum&amp;RGB=0x000000&amp;feed=https%3A%2F%2Fpicasaweb.google.com%2Fdata%2Ffeed%2Fapi%2Fuser%2FMawPicasa1%2Falbumid%2F5736597173415733105%3Falt%3Drss%26kind%3Dphoto%26hl%3Den_GB\" \/><param name=\"pluginspage\" value=\"http:\/\/www.macromedia.com\/go\/getflashplayer\" \/><\/object><\/p>\n<p>&nbsp;<\/p>\n<p><strong>Jour 3:<\/strong><\/p>\n<p><object width=\"600\" height=\"400\" classid=\"clsid:d27cdb6e-ae6d-11cf-96b8-444553540000\" codebase=\"http:\/\/download.macromedia.com\/pub\/shockwave\/cabs\/flash\/swflash.cab#version=6,0,40,0\"><param name=\"src\" value=\"https:\/\/picasaweb.google.com\/s\/c\/bin\/slideshow.swf\" \/><param name=\"flashvars\" value=\"host=picasaweb.google.com&amp;noautoplay=1&amp;hl=en_GB&amp;feat=flashalbum&amp;RGB=0x000000&amp;feed=https%3A%2F%2Fpicasaweb.google.com%2Fdata%2Ffeed%2Fapi%2Fuser%2FMawPicasa1%2Falbumid%2F5736731662974749601%3Falt%3Drss%26kind%3Dphoto%26hl%3Den_GB\" \/><param name=\"pluginspage\" value=\"http:\/\/www.macromedia.com\/go\/getflashplayer\" \/><\/object><\/p>\n<p>Retour sur:<\/p>\n<p>&#8211; <a title=\"Espagne (Spain)\" href=\"http:\/\/www.mitellus.com\/?page_id=2648\">L&#8217;Espage<br \/>\n<\/a>&#8211; <a title=\"All Travels \u2013 Tous mes voyages\" href=\"http:\/\/www.mitellus.com\/?page_id=534\">Tous les voyages<\/a><\/p>\n<p>&nbsp;<\/p>\n<p>&nbsp;<\/p>\n","protected":false},"excerpt":{"rendered":"<p>3 jours de fin mars sympas a Barcelone a vagabonder sous 20 degres celsius entre les points d&#8217;attraction principaux de cette ville tr\u00e8s compl\u00e8te. Jour 1: Vol vers Barcelone avec le passage des pyr\u00e9n\u00e9ennes et arriv\u00e9e dans la partie la plus ancienne de la ville. &nbsp; Jour 2: &nbsp; Jour<span class=\"more-link\"><a href=\"https:\/\/www.mitellus.com\/?p=2652\">Continue Reading<\/a><\/span><\/p>\n","protected":false},"author":1,"featured_media":2658,"comment_status":"open","ping_status":"open","sticky":false,"template":"","format":"standard","meta":{"jetpack_post_was_ever_published":false,"_jetpack_newsletter_access":"","_jetpack_dont_email_post_to_subs":false,"_jetpack_newsletter_tier_id":0,"_jetpack_memberships_contains_paywalled_content":false,"_jetpack_memberships_contains_paid_content":false,"footnotes":""},"categories":[8],"tags":[16,251,505,431,297,349,367,368,530,386,387,393],"class_list":["entry","author-admin","post-2652","post","type-post","status-publish","format-standard","has-post-thumbnail","category-pics","tag-16","tag-maw","tag-montagne","tag-neige","tag-plage","tag-spain","tag-tourism","tag-tourisme","tag-ville","tag-visit","tag-visite","tag-walk"],"jetpack_featured_media_url":"https:\/\/i0.wp.com\/www.mitellus.com\/wp-content\/uploads\/2012\/04\/maw41.jpg?fit=1024%2C685&ssl=1","jetpack_shortlink":"https:\/\/wp.me\/p35eub-GM","jetpack_sharing_enabled":true,"jetpack_likes_enabled":true,"jetpack-related-posts":[{"id":2366,"url":"https:\/\/www.mitellus.com\/?p=2366","url_meta":{"origin":2652,"position":0},"title":"Munich &#8211; M\u00fcnshen 2003","author":"admin","date":"15\/04\/2003","format":false,"excerpt":"A une heure de route du lac de Constance se trouve la ville de Munich (ou \u00ab M\u00fcnshen \u00bb) Capitale de la Bavi\u00e8re c\u2019est sur une route nationale que nous avons pourtant acc\u00e8s \u00e0 ce lieu. On peut noter que les voies raides allemandes ne connaissent pas de limitations de\u2026","rel":"","context":"In &quot;pics&quot;","block_context":{"text":"pics","link":"https:\/\/www.mitellus.com\/?cat=8"},"img":{"alt_text":"","src":"https:\/\/i0.wp.com\/www.mitellus.com\/wp-content\/uploads\/2012\/03\/maw-2320.jpg?fit=800%2C600&ssl=1&resize=350%2C200","width":350,"height":200,"srcset":"https:\/\/i0.wp.com\/www.mitellus.com\/wp-content\/uploads\/2012\/03\/maw-2320.jpg?fit=800%2C600&ssl=1&resize=350%2C200 1x, https:\/\/i0.wp.com\/www.mitellus.com\/wp-content\/uploads\/2012\/03\/maw-2320.jpg?fit=800%2C600&ssl=1&resize=525%2C300 1.5x, https:\/\/i0.wp.com\/www.mitellus.com\/wp-content\/uploads\/2012\/03\/maw-2320.jpg?fit=800%2C600&ssl=1&resize=700%2C400 2x"},"classes":[]},{"id":6388,"url":"https:\/\/www.mitellus.com\/?p=6388","url_meta":{"origin":2652,"position":1},"title":"Rennes","author":"admin","date":"23\/11\/2020","format":false,"excerpt":"Quelques clich\u00e9s de ... Rennes en 2001\"Ville d'Art et d'Histoire\", Rennes est une cit\u00e9 o\u00f9 cohabitent les \u00e9poques. Centre ville du 18\u00e8me si\u00e8cle, quartier de la cath\u00e9drale de l'\u00e9poque m\u00e9di\u00e9vale, faubourgs aux demeures bourgeoises des 16\u00e8me et 18\u00e8me si\u00e8cles, Rennes doit la richesse de son patrimoine \u00e0 cette diversit\u00e9 des\u2026","rel":"","context":"In &quot;pics&quot;","block_context":{"text":"pics","link":"https:\/\/www.mitellus.com\/?cat=8"},"img":{"alt_text":"","src":"https:\/\/i0.wp.com\/www.mitellus.com\/wp-content\/uploads\/2020\/06\/maw2-1.jpg?fit=400%2C243&ssl=1&resize=350%2C200","width":350,"height":200},"classes":[]},{"id":6324,"url":"https:\/\/www.mitellus.com\/?p=6324","url_meta":{"origin":2652,"position":2},"title":"Vitr\u00e9 2001","author":"admin","date":"09\/11\/2020","format":false,"excerpt":"Vous serrez s\u00e9duits par cette cit\u00e9 m\u00e9di\u00e9vale avec son ch\u00e2teau fort, dress\u00e9 sur un \u00e9peron rocheux. Parcourez les rues \u00e9troites de la ville close pour admirez les \u00e9l\u00e9gantes demeures aux toits d'ardoises avec leurs colombages apparents et leurs fa\u00e7ades \u00e0 pans de bois color\u00e9s. D\u00e9couvrez l'\u00e9glise Notre-Dame, patrimoine gothique de\u2026","rel":"","context":"In &quot;pics&quot;","block_context":{"text":"pics","link":"https:\/\/www.mitellus.com\/?cat=8"},"img":{"alt_text":"","src":"https:\/\/i0.wp.com\/www.mitellus.com\/wp-content\/uploads\/2020\/06\/maw1.jpg?resize=350%2C200","width":350,"height":200},"classes":[]},{"id":2355,"url":"https:\/\/www.mitellus.com\/?p=2355","url_meta":{"origin":2652,"position":3},"title":"Lindau  2003","author":"admin","date":"15\/04\/2003","format":false,"excerpt":"R\u00e9sum\u00e9 d'un s\u00e9jour sur les rives du lac des trois fronti\u00e8res!! 3 heures de route depuis la ville de Mulhouse et voici un petit coin paradisiaque o\u00f9 vous pouvez retrouver un calme apaisant r\u00e9parateur mais \u00e9galement une presqu'\u00eele orn\u00e9e de monuments beaux, autant par les fresques qu'il portent mais \u00e9galement\u2026","rel":"","context":"In &quot;pics&quot;","block_context":{"text":"pics","link":"https:\/\/www.mitellus.com\/?cat=8"},"img":{"alt_text":"","src":"https:\/\/i0.wp.com\/www.mitellus.com\/wp-content\/uploads\/2012\/03\/maw-843.jpg?fit=800%2C600&ssl=1&resize=350%2C200","width":350,"height":200,"srcset":"https:\/\/i0.wp.com\/www.mitellus.com\/wp-content\/uploads\/2012\/03\/maw-843.jpg?fit=800%2C600&ssl=1&resize=350%2C200 1x, https:\/\/i0.wp.com\/www.mitellus.com\/wp-content\/uploads\/2012\/03\/maw-843.jpg?fit=800%2C600&ssl=1&resize=525%2C300 1.5x, https:\/\/i0.wp.com\/www.mitellus.com\/wp-content\/uploads\/2012\/03\/maw-843.jpg?fit=800%2C600&ssl=1&resize=700%2C400 2x"},"classes":[]},{"id":874,"url":"https:\/\/www.mitellus.com\/?p=874","url_meta":{"origin":2652,"position":4},"title":"Annecy 1999","author":"admin","date":"19\/03\/1999","format":"image","excerpt":"Avant j\u2019essayais d\u2019acheter les cartes postales des lieux que j\u2019ai visite \u2026 quand l\u2019appareil ne suffisait pas. La c\u2019etait Annecy entre 1998 et 1999 Cette ville brille par sa beaut\u00e9, promenez-vous un jour au bord du lac et ressentez ainsi cette sensation d'apaisement, en 15 min vous pouvez \u00e9galement passer\u2026","rel":"","context":"In &quot;pics&quot;","block_context":{"text":"pics","link":"https:\/\/www.mitellus.com\/?cat=8"},"img":{"alt_text":"","src":"https:\/\/i0.wp.com\/www.mitellus.com\/wp-content\/uploads\/2012\/03\/maw-32.jpg?fit=561%2C385&ssl=1&resize=350%2C200","width":350,"height":200,"srcset":"https:\/\/i0.wp.com\/www.mitellus.com\/wp-content\/uploads\/2012\/03\/maw-32.jpg?fit=561%2C385&ssl=1&resize=350%2C200 1x, https:\/\/i0.wp.com\/www.mitellus.com\/wp-content\/uploads\/2012\/03\/maw-32.jpg?fit=561%2C385&ssl=1&resize=525%2C300 1.5x"},"classes":[]},{"id":1971,"url":"https:\/\/www.mitellus.com\/?p=1971","url_meta":{"origin":2652,"position":5},"title":"Pula 2007","author":"admin","date":"25\/10\/2007","format":false,"excerpt":"Retour en: -Croatie -Europe","rel":"","context":"In &quot;pics&quot;","block_context":{"text":"pics","link":"https:\/\/www.mitellus.com\/?cat=8"},"img":{"alt_text":"","src":"https:\/\/i0.wp.com\/www.mitellus.com\/wp-content\/uploads\/2012\/03\/maw-198.jpg?fit=800%2C600&ssl=1&resize=350%2C200","width":350,"height":200,"srcset":"https:\/\/i0.wp.com\/www.mitellus.com\/wp-content\/uploads\/2012\/03\/maw-198.jpg?fit=800%2C600&ssl=1&resize=350%2C200 1x, https:\/\/i0.wp.com\/www.mitellus.com\/wp-content\/uploads\/2012\/03\/maw-198.jpg?fit=800%2C600&ssl=1&resize=525%2C300 1.5x, https:\/\/i0.wp.com\/www.mitellus.com\/wp-content\/uploads\/2012\/03\/maw-198.jpg?fit=800%2C600&ssl=1&resize=700%2C400 2x"},"classes":[]}],"_links":{"self":[{"href":"https:\/\/www.mitellus.com\/index.php?rest_route=\/wp\/v2\/posts\/2652","targetHints":{"allow":["GET"]}}],"collection":[{"href":"https:\/\/www.mitellus.com\/index.php?rest_route=\/wp\/v2\/posts"}],"about":[{"href":"https:\/\/www.mitellus.com\/index.php?rest_route=\/wp\/v2\/types\/post"}],"author":[{"embeddable":true,"href":"https:\/\/www.mitellus.com\/index.php?rest_route=\/wp\/v2\/users\/1"}],"replies":[{"embeddable":true,"href":"https:\/\/www.mitellus.com\/index.php?rest_route=%2Fwp%2Fv2%2Fcomments&post=2652"}],"version-history":[{"count":6,"href":"https:\/\/www.mitellus.com\/index.php?rest_route=\/wp\/v2\/posts\/2652\/revisions"}],"predecessor-version":[{"id":2803,"href":"https:\/\/www.mitellus.com\/index.php?rest_route=\/wp\/v2\/posts\/2652\/revisions\/2803"}],"wp:featuredmedia":[{"embeddable":true,"href":"https:\/\/www.mitellus.com\/index.php?rest_route=\/wp\/v2\/media\/2658"}],"wp:attachment":[{"href":"https:\/\/www.mitellus.com\/index.php?rest_route=%2Fwp%2Fv2%2Fmedia&parent=2652"}],"wp:term":[{"taxonomy":"category","embeddable":true,"href":"https:\/\/www.mitellus.com\/index.php?rest_route=%2Fwp%2Fv2%2Fcategories&post=2652"},{"taxonomy":"post_tag","embeddable":true,"href":"https:\/\/www.mitellus.com\/index.php?rest_route=%2Fwp%2Fv2%2Ftags&post=2652"}],"curies":[{"name":"wp","href":"https:\/\/api.w.org\/{rel}","templated":true}]}}