{"id":153,"date":"2008-03-10T21:15:37","date_gmt":"2008-03-10T20:15:37","guid":{"rendered":"http:\/\/www.mitellus.com\/wordpress\/?p=153"},"modified":"2012-04-29T21:39:41","modified_gmt":"2012-04-29T21:39:41","slug":"doug-is-leaving-bye-bye-canary","status":"publish","type":"post","link":"https:\/\/www.mitellus.com\/?p=153","title":{"rendered":"Doug is leaving &#8211; Bye Bye Canary"},"content":{"rendered":"<p>Just ask for more photos of his leaving party or enjoy your research<br \/>\nDoug has spent more that a year and a half in Ireland, as Angela and all regretted friends from Mundo Capoiera Dublin, it&#8217;s time for him to go back home find a next chapter to his fabulous history.<\/p>\n<p>Good luck to you Canario!!<\/p>\n<p><object width=\"600\" height=\"400\" classid=\"clsid:d27cdb6e-ae6d-11cf-96b8-444553540000\" codebase=\"http:\/\/download.macromedia.com\/pub\/shockwave\/cabs\/flash\/swflash.cab#version=6,0,40,0\"><param name=\"src\" value=\"https:\/\/picasaweb.google.com\/s\/c\/bin\/slideshow.swf\" \/><param name=\"flashvars\" value=\"host=picasaweb.google.com&amp;hl=en_GB&amp;feat=flashalbum&amp;RGB=0x000000&amp;feed=https%3A%2F%2Fpicasaweb.google.com%2Fdata%2Ffeed%2Fapi%2Fuser%2FMawPicasa1%2Falbumid%2F5736939941812730385%3Falt%3Drss%26kind%3Dphoto%26hl%3Den_GB\" \/><param name=\"pluginspage\" value=\"http:\/\/www.macromedia.com\/go\/getflashplayer\" \/><\/object><\/p>\n","protected":false},"excerpt":{"rendered":"<p>photos of his leaving party<span class=\"more-link\"><a href=\"https:\/\/www.mitellus.com\/?p=153\">Continue Reading<\/a><\/span><\/p>\n","protected":false},"author":1,"featured_media":2819,"comment_status":"open","ping_status":"open","sticky":false,"template":"","format":"standard","meta":{"jetpack_post_was_ever_published":false,"_jetpack_newsletter_access":"","_jetpack_dont_email_post_to_subs":false,"_jetpack_newsletter_tier_id":0,"_jetpack_memberships_contains_paywalled_content":false,"_jetpack_memberships_contains_paid_content":false,"footnotes":""},"categories":[4,8],"tags":[13,644,908,133,229],"class_list":["entry","author-admin","has-excerpt","post-153","post","type-post","status-publish","format-standard","has-post-thumbnail","category-capoeira","category-pics","tag-13","tag-canario","tag-capoeira","tag-dublin","tag-leaving"],"jetpack_featured_media_url":"https:\/\/i0.wp.com\/www.mitellus.com\/wp-content\/uploads\/2008\/03\/Doug_flies_away.jpg?fit=400%2C267&ssl=1","jetpack_shortlink":"https:\/\/wp.me\/p35eub-2t","jetpack_sharing_enabled":true,"jetpack_likes_enabled":true,"jetpack-related-posts":[{"id":560,"url":"https:\/\/www.mitellus.com\/?p=560","url_meta":{"origin":153,"position":0},"title":"Last rodas for Giraffa in Ireland","author":"admin","date":"15\/11\/2011","format":false,"excerpt":"Last rodas for Giraffa in IrelandQuick snaps of the good vibe created by \u201cNacao Zumbi Angola roda grupo Capoeira\u201d and Centro Cultural Capoeira \u00c1gua de Beber (CECAB) last Saturday, in the lantern centre, Dublin.","rel":"","context":"In &quot;Capoeira&quot;","block_context":{"text":"Capoeira","link":"https:\/\/www.mitellus.com\/?cat=4"},"img":{"alt_text":"Na\u00e7\u00e3o Zumb\u00ed Logo","src":"https:\/\/i0.wp.com\/www.capoeiradublin.com\/images\/logo_001_cropped.gif?resize=350%2C200","width":350,"height":200},"classes":[]},{"id":235,"url":"https:\/\/www.mitellus.com\/?p=235","url_meta":{"origin":153,"position":1},"title":"Mundo Capoeira Dublin Batizado 2008 &#8211; Photos","author":"admin","date":"27\/10\/2008","format":false,"excerpt":"And finally ... Finally ... here are all my pics for that excellent event.","rel":"","context":"In &quot;Capoeira&quot;","block_context":{"text":"Capoeira","link":"https:\/\/www.mitellus.com\/?cat=4"},"img":{"alt_text":"","src":"","width":0,"height":0},"classes":[]},{"id":295,"url":"https:\/\/www.mitellus.com\/?p=295","url_meta":{"origin":153,"position":2},"title":"Capoeira Workshop, April 2009 with Mundo Capoeira Ireland in Dublin","author":"admin","date":"15\/05\/2009","format":false,"excerpt":"A bit late, I have to apologize for that but I hope you will enjoy the photos and the video. 4 hours of sport for every levels in Byrne Hall, Dublin I still feel my sour legs since ... April (getting older for sure) Let's broadcast the quick movie first\u2026","rel":"","context":"In &quot;Capoeira&quot;","block_context":{"text":"Capoeira","link":"https:\/\/www.mitellus.com\/?cat=4"},"img":{"alt_text":"","src":"http:\/\/photos-a.ak.fbcdn.net\/photos-ak-snc1\/v4541\/81\/29\/676754363\/n676754363_1484832_6371763.jpg","width":350,"height":200,"srcset":"http:\/\/photos-a.ak.fbcdn.net\/photos-ak-snc1\/v4541\/81\/29\/676754363\/n676754363_1484832_6371763.jpg 1x, http:\/\/photos-a.ak.fbcdn.net\/photos-ak-snc1\/v4541\/81\/29\/676754363\/n676754363_1484832_6371763.jpg 1.5x"},"classes":[]},{"id":3261,"url":"https:\/\/www.mitellus.com\/?p=3261","url_meta":{"origin":153,"position":3},"title":"Mundo Capoeira Ireland Batizado 2012 Dublin","author":"admin","date":"30\/10\/2012","format":false,"excerpt":"Quick snaps of the major event of the year for a Group of Capoeira: the Batizado. \u00a0 4 days of trainings, Workshop, Dance and party. Here are the main ones in a slideshow and just down after, through the movie. Delighted to make a video of the\u00a0 last week's big\u2026","rel":"","context":"In &quot;Capoeira&quot;","block_context":{"text":"Capoeira","link":"https:\/\/www.mitellus.com\/?cat=4"},"img":{"alt_text":"","src":"https:\/\/i0.wp.com\/www.mitellus.com\/wp-content\/uploads\/2012\/10\/logo_mundo_capoeira_horizontal.png?fit=1096%2C378&ssl=1&resize=350%2C200","width":350,"height":200,"srcset":"https:\/\/i0.wp.com\/www.mitellus.com\/wp-content\/uploads\/2012\/10\/logo_mundo_capoeira_horizontal.png?fit=1096%2C378&ssl=1&resize=350%2C200 1x, https:\/\/i0.wp.com\/www.mitellus.com\/wp-content\/uploads\/2012\/10\/logo_mundo_capoeira_horizontal.png?fit=1096%2C378&ssl=1&resize=525%2C300 1.5x, https:\/\/i0.wp.com\/www.mitellus.com\/wp-content\/uploads\/2012\/10\/logo_mundo_capoeira_horizontal.png?fit=1096%2C378&ssl=1&resize=700%2C400 2x, https:\/\/i0.wp.com\/www.mitellus.com\/wp-content\/uploads\/2012\/10\/logo_mundo_capoeira_horizontal.png?fit=1096%2C378&ssl=1&resize=1050%2C600 3x"},"classes":[]},{"id":411,"url":"https:\/\/www.mitellus.com\/?p=411","url_meta":{"origin":153,"position":4},"title":"MUNDO CAPOEIRA IRELAND Instrutor Feijaozinho","author":"admin","date":"01\/03\/2010","format":false,"excerpt":"Fejaozinho, capoeira teacher in Mundo Capoeira Dublin offers more about his performances. Here is a Medley of his work with the Irish Club of Dublin :\"Mundo Capoeira Ireland\"","rel":"","context":"In &quot;Capoeira&quot;","block_context":{"text":"Capoeira","link":"https:\/\/www.mitellus.com\/?cat=4"},"img":{"alt_text":"","src":"","width":0,"height":0},"classes":[]},{"id":3215,"url":"https:\/\/www.mitellus.com\/?p=3215","url_meta":{"origin":153,"position":5},"title":"Mundo Capoeira Street Performance","author":"admin","date":"21\/05\/2012","format":false,"excerpt":"The Street performance is quite regular with Mundo Capoeira Ireland, this session took place in the front of the Central Bank, Dublin on Sunday (and the sun was finally here) the 20th of May 2012. 90 minutes of Roda in the Dame Street with Mestre Sansao, Professor Bezouro, Robson Jamaica,\u2026","rel":"","context":"In &quot;Capoeira&quot;","block_context":{"text":"Capoeira","link":"https:\/\/www.mitellus.com\/?cat=4"},"img":{"alt_text":"","src":"https:\/\/i0.wp.com\/www.mitellus.com\/wp-content\/uploads\/2012\/05\/maw02.jpg?fit=514%2C768&ssl=1&resize=350%2C200","width":350,"height":200},"classes":[]}],"_links":{"self":[{"href":"https:\/\/www.mitellus.com\/index.php?rest_route=\/wp\/v2\/posts\/153","targetHints":{"allow":["GET"]}}],"collection":[{"href":"https:\/\/www.mitellus.com\/index.php?rest_route=\/wp\/v2\/posts"}],"about":[{"href":"https:\/\/www.mitellus.com\/index.php?rest_route=\/wp\/v2\/types\/post"}],"author":[{"embeddable":true,"href":"https:\/\/www.mitellus.com\/index.php?rest_route=\/wp\/v2\/users\/1"}],"replies":[{"embeddable":true,"href":"https:\/\/www.mitellus.com\/index.php?rest_route=%2Fwp%2Fv2%2Fcomments&post=153"}],"version-history":[{"count":3,"href":"https:\/\/www.mitellus.com\/index.php?rest_route=\/wp\/v2\/posts\/153\/revisions"}],"predecessor-version":[{"id":2818,"href":"https:\/\/www.mitellus.com\/index.php?rest_route=\/wp\/v2\/posts\/153\/revisions\/2818"}],"wp:featuredmedia":[{"embeddable":true,"href":"https:\/\/www.mitellus.com\/index.php?rest_route=\/wp\/v2\/media\/2819"}],"wp:attachment":[{"href":"https:\/\/www.mitellus.com\/index.php?rest_route=%2Fwp%2Fv2%2Fmedia&parent=153"}],"wp:term":[{"taxonomy":"category","embeddable":true,"href":"https:\/\/www.mitellus.com\/index.php?rest_route=%2Fwp%2Fv2%2Fcategories&post=153"},{"taxonomy":"post_tag","embeddable":true,"href":"https:\/\/www.mitellus.com\/index.php?rest_route=%2Fwp%2Fv2%2Ftags&post=153"}],"curies":[{"name":"wp","href":"https:\/\/api.w.org\/{rel}","templated":true}]}}