{"id":1434,"date":"2008-10-20T23:33:37","date_gmt":"2008-10-20T23:33:37","guid":{"rendered":"http:\/\/www.mitellus.com\/?p=1434"},"modified":"2024-03-06T18:15:25","modified_gmt":"2024-03-06T18:15:25","slug":"estaing-courvertoirade","status":"publish","type":"post","link":"https:\/\/www.mitellus.com\/?p=1434","title":{"rendered":"Estaing et Courvertoirade"},"content":{"rendered":"","protected":false},"excerpt":{"rendered":"<p><span class=\"more-link\"><a href=\"https:\/\/www.mitellus.com\/?p=1434\">Continue Reading<\/a><\/span><\/p>\n","protected":false},"author":1,"featured_media":0,"comment_status":"open","ping_status":"open","sticky":false,"template":"","format":"standard","meta":{"jetpack_post_was_ever_published":false,"_jetpack_newsletter_access":"","_jetpack_dont_email_post_to_subs":false,"_jetpack_newsletter_tier_id":0,"_jetpack_memberships_contains_paywalled_content":false,"_jetpack_memberships_contains_paid_content":false,"footnotes":""},"categories":[8],"tags":[481,13,483,484,482,166,368,382,386,387],"class_list":["entry","author-admin","post-1434","post","type-post","status-publish","format-standard","category-pics","tag-481","tag-13","tag-avaeyron","tag-courvertoirade","tag-estaing","tag-france","tag-tourisme","tag-view","tag-visit","tag-visite"],"jetpack_featured_media_url":"","jetpack_shortlink":"https:\/\/wp.me\/p35eub-n8","jetpack_sharing_enabled":true,"jetpack_likes_enabled":true,"jetpack-related-posts":[{"id":1440,"url":"https:\/\/www.mitellus.com\/?p=1440","url_meta":{"origin":1434,"position":0},"title":"Larzac","author":"admin","date":"20\/08\/2008","format":false,"excerpt":"","rel":"","context":"In &quot;pics&quot;","block_context":{"text":"pics","link":"https:\/\/www.mitellus.com\/?cat=8"},"img":{"alt_text":"","src":"","width":0,"height":0},"classes":[]},{"id":1456,"url":"https:\/\/www.mitellus.com\/?p=1456","url_meta":{"origin":1434,"position":1},"title":"Saint Geniez d&#8217;Olt","author":"admin","date":"20\/10\/2008","format":false,"excerpt":"","rel":"","context":"In &quot;pics&quot;","block_context":{"text":"pics","link":"https:\/\/www.mitellus.com\/?cat=8"},"img":{"alt_text":"","src":"","width":0,"height":0},"classes":[]},{"id":1454,"url":"https:\/\/www.mitellus.com\/?p=1454","url_meta":{"origin":1434,"position":2},"title":"Sainte Eulalie D&#8217;Olt","author":"admin","date":"20\/10\/2008","format":false,"excerpt":"","rel":"","context":"In &quot;pics&quot;","block_context":{"text":"pics","link":"https:\/\/www.mitellus.com\/?cat=8"},"img":{"alt_text":"","src":"","width":0,"height":0},"classes":[]},{"id":1009,"url":"https:\/\/www.mitellus.com\/?p=1009","url_meta":{"origin":1434,"position":3},"title":"Paris en 2001","author":"admin","date":"20\/03\/2001","format":false,"excerpt":"Retour sur: - Paris - La France","rel":"","context":"In &quot;pics&quot;","block_context":{"text":"pics","link":"https:\/\/www.mitellus.com\/?cat=8"},"img":{"alt_text":"","src":"https:\/\/i0.wp.com\/www.mitellus.com\/wp-content\/uploads\/2001\/03\/maw-2.jpg?fit=800%2C600&ssl=1&resize=350%2C200","width":350,"height":200,"srcset":"https:\/\/i0.wp.com\/www.mitellus.com\/wp-content\/uploads\/2001\/03\/maw-2.jpg?fit=800%2C600&ssl=1&resize=350%2C200 1x, https:\/\/i0.wp.com\/www.mitellus.com\/wp-content\/uploads\/2001\/03\/maw-2.jpg?fit=800%2C600&ssl=1&resize=525%2C300 1.5x, https:\/\/i0.wp.com\/www.mitellus.com\/wp-content\/uploads\/2001\/03\/maw-2.jpg?fit=800%2C600&ssl=1&resize=700%2C400 2x"},"classes":[]},{"id":1443,"url":"https:\/\/www.mitellus.com\/?p=1443","url_meta":{"origin":1434,"position":4},"title":"Millau","author":"admin","date":"20\/10\/2008","format":false,"excerpt":"","rel":"","context":"In &quot;pics&quot;","block_context":{"text":"pics","link":"https:\/\/www.mitellus.com\/?cat=8"},"img":{"alt_text":"","src":"","width":0,"height":0},"classes":[]},{"id":6333,"url":"https:\/\/www.mitellus.com\/?p=6333","url_meta":{"origin":1434,"position":5},"title":"Vitr\u00e9 2002","author":"admin","date":"16\/11\/2020","format":false,"excerpt":"Souvenir d\u2019un petit week-end bien cool dans l\u2019une des demeures d'Arnaud. Alors c'est ici que j'ai v\u00e9cu mla majeure partie de mon week end et ej dois dire que ensoleill\u00e9e Vitr\u00e9 a tout d\u00e9chir\u00e9. C'est une ville \u00e0 la fois dynamique et qui reste tr\u00e8s calme. Culmin\u00e9e par un magnifique\u2026","rel":"","context":"In &quot;pics&quot;","block_context":{"text":"pics","link":"https:\/\/www.mitellus.com\/?cat=8"},"img":{"alt_text":"","src":"https:\/\/i0.wp.com\/www.mitellus.com\/wp-content\/uploads\/2020\/06\/gmaw5-3.jpg?fit=450%2C600&ssl=1&resize=350%2C200","width":350,"height":200},"classes":[]}],"_links":{"self":[{"href":"https:\/\/www.mitellus.com\/index.php?rest_route=\/wp\/v2\/posts\/1434","targetHints":{"allow":["GET"]}}],"collection":[{"href":"https:\/\/www.mitellus.com\/index.php?rest_route=\/wp\/v2\/posts"}],"about":[{"href":"https:\/\/www.mitellus.com\/index.php?rest_route=\/wp\/v2\/types\/post"}],"author":[{"embeddable":true,"href":"https:\/\/www.mitellus.com\/index.php?rest_route=\/wp\/v2\/users\/1"}],"replies":[{"embeddable":true,"href":"https:\/\/www.mitellus.com\/index.php?rest_route=%2Fwp%2Fv2%2Fcomments&post=1434"}],"version-history":[{"count":4,"href":"https:\/\/www.mitellus.com\/index.php?rest_route=\/wp\/v2\/posts\/1434\/revisions"}],"predecessor-version":[{"id":11639,"href":"https:\/\/www.mitellus.com\/index.php?rest_route=\/wp\/v2\/posts\/1434\/revisions\/11639"}],"wp:attachment":[{"href":"https:\/\/www.mitellus.com\/index.php?rest_route=%2Fwp%2Fv2%2Fmedia&parent=1434"}],"wp:term":[{"taxonomy":"category","embeddable":true,"href":"https:\/\/www.mitellus.com\/index.php?rest_route=%2Fwp%2Fv2%2Fcategories&post=1434"},{"taxonomy":"post_tag","embeddable":true,"href":"https:\/\/www.mitellus.com\/index.php?rest_route=%2Fwp%2Fv2%2Ftags&post=1434"}],"curies":[{"name":"wp","href":"https:\/\/api.w.org\/{rel}","templated":true}]}}