{"id":128,"date":"2007-09-14T12:55:28","date_gmt":"2007-09-14T11:55:28","guid":{"rendered":"http:\/\/www.mitellus.com\/wordpress\/?p=128"},"modified":"2007-09-14T12:55:28","modified_gmt":"2007-09-14T11:55:28","slug":"need-model","status":"publish","type":"post","link":"https:\/\/www.mitellus.com\/?p=128","title":{"rendered":"Need Model"},"content":{"rendered":"<p>Folks, <\/p>\n<p>I plan to add in this interface some pictures or video on the Capoeira moves.<br \/>\nFor that <strong>any support is welcome<\/strong>.<br \/>\nFor the missing moves, if anybody is happy to show some, I&#8217;ll be glad to record it on the next meeting.<br \/>\nOther way please use the form in the right of this page. <strong>>>>>><\/strong><br \/>\n<ins><strong>If you want to add some articles just have to register !<\/strong><\/ins><\/p>\n","protected":false},"excerpt":{"rendered":"<p>Need Model For the missing moves<span class=\"more-link\"><a href=\"https:\/\/www.mitellus.com\/?p=128\">Continue Reading<\/a><\/span><\/p>\n","protected":false},"author":1,"featured_media":0,"comment_status":"closed","ping_status":"open","sticky":false,"template":"","format":"standard","meta":{"jetpack_post_was_ever_published":false,"_jetpack_newsletter_access":"","_jetpack_dont_email_post_to_subs":false,"_jetpack_newsletter_tier_id":0,"_jetpack_memberships_contains_paywalled_content":false,"_jetpack_memberships_contains_paid_content":false,"footnotes":""},"categories":[4],"tags":[],"class_list":["entry","author-admin","has-excerpt","post-128","post","type-post","status-publish","format-standard","category-capoeira"],"jetpack_featured_media_url":"","jetpack_shortlink":"https:\/\/wp.me\/p35eub-24","jetpack_sharing_enabled":true,"jetpack_likes_enabled":true,"jetpack-related-posts":[{"id":3717,"url":"https:\/\/www.mitellus.com\/?p=3717","url_meta":{"origin":128,"position":0},"title":"Mundo Capoeira Belgie &#8211; Grupo Karamelo &#8211; Batizado 2014","author":"admin","date":"12\/06\/2014","format":false,"excerpt":"Footages sampled and compiled! Here is the short version of my recordings for the 8th Roda of Mundo Capoeira Belgium. It took me hours. Heavy decisions were made to shorten the files and tape them. Sorry in advance if scenes are missing and for some low quality samples, it was\u2026","rel":"","context":"In &quot;Capoeira&quot;","block_context":{"text":"Capoeira","link":"https:\/\/www.mitellus.com\/?cat=4"},"img":{"alt_text":"","src":"https:\/\/i0.wp.com\/www.mitellus.com\/wp-content\/uploads\/2014\/06\/10336771_10203978211073848_6129126478152405679_n.jpg?fit=960%2C645&ssl=1&resize=350%2C200","width":350,"height":200,"srcset":"https:\/\/i0.wp.com\/www.mitellus.com\/wp-content\/uploads\/2014\/06\/10336771_10203978211073848_6129126478152405679_n.jpg?fit=960%2C645&ssl=1&resize=350%2C200 1x, https:\/\/i0.wp.com\/www.mitellus.com\/wp-content\/uploads\/2014\/06\/10336771_10203978211073848_6129126478152405679_n.jpg?fit=960%2C645&ssl=1&resize=525%2C300 1.5x, https:\/\/i0.wp.com\/www.mitellus.com\/wp-content\/uploads\/2014\/06\/10336771_10203978211073848_6129126478152405679_n.jpg?fit=960%2C645&ssl=1&resize=700%2C400 2x"},"classes":[]},{"id":9831,"url":"https:\/\/www.mitellus.com\/?p=9831","url_meta":{"origin":128,"position":1},"title":"Mundo Capoeira Belgi\u00eb","author":"admin","date":"01\/06\/2022","format":"video","excerpt":"15th Batizado Mundo Capoeira Belgie 2022 Mestrando Karamelo","rel":"","context":"In &quot;Capoeira&quot;","block_context":{"text":"Capoeira","link":"https:\/\/www.mitellus.com\/?cat=4"},"img":{"alt_text":"","src":"https:\/\/i0.wp.com\/www.mitellus.com\/wp-content\/uploads\/2012\/10\/logo_mundo_capoeira_horizontal.png?fit=1096%2C378&ssl=1&resize=350%2C200","width":350,"height":200,"srcset":"https:\/\/i0.wp.com\/www.mitellus.com\/wp-content\/uploads\/2012\/10\/logo_mundo_capoeira_horizontal.png?fit=1096%2C378&ssl=1&resize=350%2C200 1x, https:\/\/i0.wp.com\/www.mitellus.com\/wp-content\/uploads\/2012\/10\/logo_mundo_capoeira_horizontal.png?fit=1096%2C378&ssl=1&resize=525%2C300 1.5x, https:\/\/i0.wp.com\/www.mitellus.com\/wp-content\/uploads\/2012\/10\/logo_mundo_capoeira_horizontal.png?fit=1096%2C378&ssl=1&resize=700%2C400 2x, https:\/\/i0.wp.com\/www.mitellus.com\/wp-content\/uploads\/2012\/10\/logo_mundo_capoeira_horizontal.png?fit=1096%2C378&ssl=1&resize=1050%2C600 3x"},"classes":[]},{"id":411,"url":"https:\/\/www.mitellus.com\/?p=411","url_meta":{"origin":128,"position":2},"title":"MUNDO CAPOEIRA IRELAND Instrutor Feijaozinho","author":"admin","date":"01\/03\/2010","format":false,"excerpt":"Fejaozinho, capoeira teacher in Mundo Capoeira Dublin offers more about his performances. Here is a Medley of his work with the Irish Club of Dublin :\"Mundo Capoeira Ireland\"","rel":"","context":"In &quot;Capoeira&quot;","block_context":{"text":"Capoeira","link":"https:\/\/www.mitellus.com\/?cat=4"},"img":{"alt_text":"","src":"","width":0,"height":0},"classes":[]},{"id":162,"url":"https:\/\/www.mitellus.com\/?p=162","url_meta":{"origin":128,"position":3},"title":"Skill  Required  to change your belt to a Laranja &#8211; Azul (Orange &#8211; Blue belt)","author":"admin","date":"07\/05\/2008","format":false,"excerpt":"Skill Required to change your belt to a Laranja - Azul (Orange - Blue belt) in the Mundo Capoeira Ireland group","rel":"","context":"In &quot;Capoeira&quot;","block_context":{"text":"Capoeira","link":"https:\/\/www.mitellus.com\/?cat=4"},"img":{"alt_text":"","src":"https:\/\/i0.wp.com\/www.abadacascais.com\/images\/cordaLaranja%5B1%5D.jpg?resize=350%2C200","width":350,"height":200},"classes":[]},{"id":560,"url":"https:\/\/www.mitellus.com\/?p=560","url_meta":{"origin":128,"position":4},"title":"Last rodas for Giraffa in Ireland","author":"admin","date":"15\/11\/2011","format":false,"excerpt":"Last rodas for Giraffa in IrelandQuick snaps of the good vibe created by \u201cNacao Zumbi Angola roda grupo Capoeira\u201d and Centro Cultural Capoeira \u00c1gua de Beber (CECAB) last Saturday, in the lantern centre, Dublin.","rel":"","context":"In &quot;Capoeira&quot;","block_context":{"text":"Capoeira","link":"https:\/\/www.mitellus.com\/?cat=4"},"img":{"alt_text":"Na\u00e7\u00e3o Zumb\u00ed Logo","src":"https:\/\/i0.wp.com\/www.capoeiradublin.com\/images\/logo_001_cropped.gif?resize=350%2C200","width":350,"height":200},"classes":[]},{"id":161,"url":"https:\/\/www.mitellus.com\/?p=161","url_meta":{"origin":128,"position":5},"title":"Skill  Required  to change your belt to a Laranja (Orange belt )","author":"admin","date":"05\/05\/2008","format":false,"excerpt":"Skill Required to change your belt to a Laranja (Orange belt ) in the Mundo Capoeira Ireland group","rel":"","context":"In &quot;Capoeira&quot;","block_context":{"text":"Capoeira","link":"https:\/\/www.mitellus.com\/?cat=4"},"img":{"alt_text":"","src":"https:\/\/i0.wp.com\/www.abadacascais.com\/images\/cordaLaranja%5B1%5D.jpg?resize=350%2C200","width":350,"height":200},"classes":[]}],"_links":{"self":[{"href":"https:\/\/www.mitellus.com\/index.php?rest_route=\/wp\/v2\/posts\/128","targetHints":{"allow":["GET"]}}],"collection":[{"href":"https:\/\/www.mitellus.com\/index.php?rest_route=\/wp\/v2\/posts"}],"about":[{"href":"https:\/\/www.mitellus.com\/index.php?rest_route=\/wp\/v2\/types\/post"}],"author":[{"embeddable":true,"href":"https:\/\/www.mitellus.com\/index.php?rest_route=\/wp\/v2\/users\/1"}],"replies":[{"embeddable":true,"href":"https:\/\/www.mitellus.com\/index.php?rest_route=%2Fwp%2Fv2%2Fcomments&post=128"}],"version-history":[{"count":0,"href":"https:\/\/www.mitellus.com\/index.php?rest_route=\/wp\/v2\/posts\/128\/revisions"}],"wp:attachment":[{"href":"https:\/\/www.mitellus.com\/index.php?rest_route=%2Fwp%2Fv2%2Fmedia&parent=128"}],"wp:term":[{"taxonomy":"category","embeddable":true,"href":"https:\/\/www.mitellus.com\/index.php?rest_route=%2Fwp%2Fv2%2Fcategories&post=128"},{"taxonomy":"post_tag","embeddable":true,"href":"https:\/\/www.mitellus.com\/index.php?rest_route=%2Fwp%2Fv2%2Ftags&post=128"}],"curies":[{"name":"wp","href":"https:\/\/api.w.org\/{rel}","templated":true}]}}