{"id":115,"date":"2007-07-24T16:27:15","date_gmt":"2007-07-24T16:27:15","guid":{"rendered":"http:\/\/www.mitellus.com\/wordpress\/?p=115"},"modified":"2024-03-25T22:23:12","modified_gmt":"2024-03-25T22:23:12","slug":"grupo-senzala-capoeira-pictures","status":"publish","type":"post","link":"https:\/\/www.mitellus.com\/?p=115","title":{"rendered":"Grupo Senzala Capoeira &#8211; Pictures"},"content":{"rendered":"<table border=\"0\" cellpadding=\"1\" cellspacing=\"0\" width=\"700\">\n<colgroup>\n<col width=\"165\">\n<col width=\"90\">\n<col width=\"336\">\n<tbody>\n<tr>\n<td rowspan=\"3\" width=\"165\">\n      <a href=\"http:\/\/www.soulspoon.com\/\"><img data-recalc-dims=\"1\" decoding=\"async\" alt=\"Soulspoon\" src=\"https:\/\/i0.wp.com\/www.soulspoon.com\/soulspoon.jpg?w=1380\"\/><\/a>\n    <\/td>\n<td colspan=\"2\" width=\"545\">\n        <a href=\"http:\/\/www.soulspoon.com\/\"><\/a>\n    <\/td>\n<\/tr>\n<tr>\n<td width=\"213\">If you look on <a href=\"http:\/\/www.soulspoon.com\/\">Soulspoon<\/a>, you\u2019ll see that the 2nd Basque Summer Meeting<br \/>\n      was an intense moment lets see some pictures:\n    <\/td>\n<td width=\"213\">Si vous visitez <a href=\"http:\/\/www.soulspoon.com\/\">Soulspoon<\/a>, vous verrrez que la seconde rencontre estivale<br \/>\n      Basque \u00e9tait un moment intense. Les images : <\/p>\n<\/td>\n<\/tr>\n<tr>\n<td colspan=\"2\" width=\"545\">\n<\/td>\n<\/tr>\n<\/tbody>\n<\/col>\n<\/col>\n<\/col>\n<\/colgroup>\n<\/table>\n","protected":false},"excerpt":{"rendered":"<p>Directly refered by Ben here is the summary of an excellent day of fun<span class=\"more-link\"><a href=\"https:\/\/www.mitellus.com\/?p=115\">Continue Reading<\/a><\/span><\/p>\n","protected":false},"author":1,"featured_media":0,"comment_status":"open","ping_status":"open","sticky":false,"template":"","format":"standard","meta":{"jetpack_post_was_ever_published":false,"_jetpack_newsletter_access":"","_jetpack_dont_email_post_to_subs":false,"_jetpack_newsletter_tier_id":0,"_jetpack_memberships_contains_paywalled_content":false,"_jetpack_memberships_contains_paid_content":false,"footnotes":""},"categories":[4,8],"tags":[],"class_list":["entry","author-admin","has-excerpt","post-115","post","type-post","status-publish","format-standard","category-capoeira","category-pics"],"jetpack_featured_media_url":"","jetpack_shortlink":"https:\/\/wp.me\/p35eub-1R","jetpack_sharing_enabled":true,"jetpack_likes_enabled":true,"jetpack-related-posts":[{"id":560,"url":"https:\/\/www.mitellus.com\/?p=560","url_meta":{"origin":115,"position":0},"title":"Last rodas for Giraffa in Ireland","author":"admin","date":"15\/11\/2011","format":false,"excerpt":"Last rodas for Giraffa in IrelandQuick snaps of the good vibe created by \u201cNacao Zumbi Angola roda grupo Capoeira\u201d and Centro Cultural Capoeira \u00c1gua de Beber (CECAB) last Saturday, in the lantern centre, Dublin.","rel":"","context":"In &quot;Capoeira&quot;","block_context":{"text":"Capoeira","link":"https:\/\/www.mitellus.com\/?cat=4"},"img":{"alt_text":"Na\u00e7\u00e3o Zumb\u00ed Logo","src":"https:\/\/i0.wp.com\/www.capoeiradublin.com\/images\/logo_001_cropped.gif?resize=350%2C200","width":350,"height":200},"classes":[]},{"id":291,"url":"https:\/\/www.mitellus.com\/?p=291","url_meta":{"origin":115,"position":1},"title":"Mundo Capoeira Dublin April 2009","author":"admin","date":"26\/04\/2009","format":false,"excerpt":"Yes, we have a lot of fun with Mundo Capoeira Dublin, just have a look on the pictures as well as this typical Irish movie clip to understand how people are involved in maintaining a such great activity.","rel":"","context":"In &quot;Capoeira&quot;","block_context":{"text":"Capoeira","link":"https:\/\/www.mitellus.com\/?cat=4"},"img":{"alt_text":"","src":"","width":0,"height":0},"classes":[]},{"id":11107,"url":"https:\/\/www.mitellus.com\/?p=11107","url_meta":{"origin":115,"position":2},"title":"Mundo Capoeira Ireland &#8211; Batizado 2023","author":"admin","date":"18\/12\/2023","format":false,"excerpt":"These are the few views that I have managed to take during the well awaited capoeira event in Dublin. This is the 20th yearly Batizado organised by Mundo Capoeira. It was recorded in October 2023 in Ireland. The presence of inspiring guests, motivated students and the honourable presence of the\u2026","rel":"","context":"In &quot;Capoeira&quot;","block_context":{"text":"Capoeira","link":"https:\/\/www.mitellus.com\/?cat=4"},"img":{"alt_text":"","src":"https:\/\/i0.wp.com\/www.mitellus.com\/wp-content\/uploads\/2023\/12\/2023-11-18-14.44.18.jpg?fit=879%2C1200&ssl=1&resize=350%2C200","width":350,"height":200,"srcset":"https:\/\/i0.wp.com\/www.mitellus.com\/wp-content\/uploads\/2023\/12\/2023-11-18-14.44.18.jpg?fit=879%2C1200&ssl=1&resize=350%2C200 1x, https:\/\/i0.wp.com\/www.mitellus.com\/wp-content\/uploads\/2023\/12\/2023-11-18-14.44.18.jpg?fit=879%2C1200&ssl=1&resize=525%2C300 1.5x, https:\/\/i0.wp.com\/www.mitellus.com\/wp-content\/uploads\/2023\/12\/2023-11-18-14.44.18.jpg?fit=879%2C1200&ssl=1&resize=700%2C400 2x"},"classes":[]},{"id":155,"url":"https:\/\/www.mitellus.com\/?p=155","url_meta":{"origin":115,"position":3},"title":"Mundo Capoeira Ireland is on MySpace","author":"admin","date":"18\/04\/2008","format":false,"excerpt":"Mundo Capoeira Ireland is on MySpace This exciting announcement has recently been done by Smorfete (Group Manager) on your Mailboxes. Pictures, Flyers, video are welcome and already on the web page. You will be able to see the Batizado 2007 pictures the Guinness performance, the time frame, the 2008 schedule\u2026","rel":"","context":"In &quot;Capoeira&quot;","block_context":{"text":"Capoeira","link":"https:\/\/www.mitellus.com\/?cat=4"},"img":{"alt_text":"","src":"","width":0,"height":0},"classes":[]},{"id":141,"url":"https:\/\/www.mitellus.com\/?p=141","url_meta":{"origin":115,"position":4},"title":"MAW pictures From the Batizado 2007","author":"admin","date":"03\/11\/2007","format":false,"excerpt":"MAW pictures From the Batizado 2007","rel":"","context":"In &quot;Capoeira&quot;","block_context":{"text":"Capoeira","link":"https:\/\/www.mitellus.com\/?cat=4"},"img":{"alt_text":"","src":"https:\/\/i0.wp.com\/www.mitellus.com\/wp-content\/uploads\/2007\/11\/maw-7.jpg?fit=800%2C600&ssl=1&resize=350%2C200","width":350,"height":200,"srcset":"https:\/\/i0.wp.com\/www.mitellus.com\/wp-content\/uploads\/2007\/11\/maw-7.jpg?fit=800%2C600&ssl=1&resize=350%2C200 1x, https:\/\/i0.wp.com\/www.mitellus.com\/wp-content\/uploads\/2007\/11\/maw-7.jpg?fit=800%2C600&ssl=1&resize=525%2C300 1.5x, https:\/\/i0.wp.com\/www.mitellus.com\/wp-content\/uploads\/2007\/11\/maw-7.jpg?fit=800%2C600&ssl=1&resize=700%2C400 2x"},"classes":[]},{"id":10945,"url":"https:\/\/www.mitellus.com\/?p=10945","url_meta":{"origin":115,"position":5},"title":"Cork Capoeira &#8211; 10 anos","author":"admin","date":"18\/10\/2023","format":false,"excerpt":"10 years of capoeira in Cork with this group is a good location together around a good bit of music and fight, and my connection with the best people you can meet in this community This is Inspira\u00e7\u00e3o 2023 The Batizado in Cork in pictures and videos\u2026 https:\/\/youtu.be\/WCuGVuiCyLY?si=WDkNnTHpkxJvdvFV Day 6\u2026","rel":"","context":"In &quot;Capoeira&quot;","block_context":{"text":"Capoeira","link":"https:\/\/www.mitellus.com\/?cat=4"},"img":{"alt_text":"","src":"https:\/\/i0.wp.com\/www.mitellus.com\/wp-content\/uploads\/2023\/10\/5507f79d-f738-4563-9f8f-97e77f325609-1.jpg?fit=1000%2C380&ssl=1%3Fv%3D1697667747&resize=350%2C200","width":350,"height":200,"srcset":"https:\/\/i0.wp.com\/www.mitellus.com\/wp-content\/uploads\/2023\/10\/5507f79d-f738-4563-9f8f-97e77f325609-1.jpg?fit=1000%2C380&ssl=1%3Fv%3D1697667747&resize=350%2C200 1x, https:\/\/i0.wp.com\/www.mitellus.com\/wp-content\/uploads\/2023\/10\/5507f79d-f738-4563-9f8f-97e77f325609-1.jpg?fit=1000%2C380&ssl=1%3Fv%3D1697667747&resize=525%2C300 1.5x, https:\/\/i0.wp.com\/www.mitellus.com\/wp-content\/uploads\/2023\/10\/5507f79d-f738-4563-9f8f-97e77f325609-1.jpg?fit=1000%2C380&ssl=1%3Fv%3D1697667747&resize=700%2C400 2x"},"classes":[]}],"_links":{"self":[{"href":"https:\/\/www.mitellus.com\/index.php?rest_route=\/wp\/v2\/posts\/115","targetHints":{"allow":["GET"]}}],"collection":[{"href":"https:\/\/www.mitellus.com\/index.php?rest_route=\/wp\/v2\/posts"}],"about":[{"href":"https:\/\/www.mitellus.com\/index.php?rest_route=\/wp\/v2\/types\/post"}],"author":[{"embeddable":true,"href":"https:\/\/www.mitellus.com\/index.php?rest_route=\/wp\/v2\/users\/1"}],"replies":[{"embeddable":true,"href":"https:\/\/www.mitellus.com\/index.php?rest_route=%2Fwp%2Fv2%2Fcomments&post=115"}],"version-history":[{"count":10,"href":"https:\/\/www.mitellus.com\/index.php?rest_route=\/wp\/v2\/posts\/115\/revisions"}],"predecessor-version":[{"id":12138,"href":"https:\/\/www.mitellus.com\/index.php?rest_route=\/wp\/v2\/posts\/115\/revisions\/12138"}],"wp:attachment":[{"href":"https:\/\/www.mitellus.com\/index.php?rest_route=%2Fwp%2Fv2%2Fmedia&parent=115"}],"wp:term":[{"taxonomy":"category","embeddable":true,"href":"https:\/\/www.mitellus.com\/index.php?rest_route=%2Fwp%2Fv2%2Fcategories&post=115"},{"taxonomy":"post_tag","embeddable":true,"href":"https:\/\/www.mitellus.com\/index.php?rest_route=%2Fwp%2Fv2%2Ftags&post=115"}],"curies":[{"name":"wp","href":"https:\/\/api.w.org\/{rel}","templated":true}]}}