{"id":112,"date":"2007-04-18T11:42:59","date_gmt":"2007-04-18T11:42:59","guid":{"rendered":"http:\/\/www.mitellus.com\/wordpress\/?p=112"},"modified":"2024-03-25T22:23:11","modified_gmt":"2024-03-25T22:23:11","slug":"capoeira-and-equivalent-2","status":"publish","type":"post","link":"https:\/\/www.mitellus.com\/?p=112","title":{"rendered":"Capoeira and equivalent"},"content":{"rendered":"<table>\n<tr>\n<td valign=\"top\">\n<h3>The equivalent:<\/h3>\n<p><strong>The moring<\/strong> (indian ocean):<br \/>\n      RFO article [fr], <a href=\"http:\/\/www.moringue-france.com\/moring.html\" target=\"_blank\" rel=\"noopener\">Moringue-france.com [fr]<\/a>, <a href=\"http:\/\/www.moring.fr\/sport\/moring\/index.php\">moring.fr<\/a>, <a href=\"http:\/\/fr.wikipedia.org\/wiki\/Moringue\" target=\"_blank\" rel=\"noopener\">wikipedia[fr]<\/a>, &#8230; <\/p>\n<p><strong>The Danmy&eacute;<\/strong> (caribbean see)<strong>:<br \/>\n    <\/strong><a href=\"http:\/\/perso.orange.fr\/zwazo\/garde.htm\" target=\"_blank\" rel=\"noopener\">Perso.orange.fr [fr]<\/a>, Publibook [fr], lesperipheriques.org [fr], &#8230; <\/p>\n<p>Guadeloupe has &quot;The sov&eacute; vayan&quot;, &quot;The maloy&egrave;&quot; and &quot;The b&eacute;nodin&quot; ; at la Martinique,   &quot; The danmy&eacute;&quot; and &quot;The ladja&quot; are part of the same sport family. <\/p>\n<\/td>\n<td> <\/td>\n<td valign=\"top\">\n<h3>Les \u00e9quivalents:<\/h3>\n<p><strong>Le moring<\/strong> (indian ocean):<br \/>\n      RFO article, <a href=\"http:\/\/www.moringue-france.com\/moring.html\" target=\"_blank\" rel=\"noopener\">Moringue-france.com<\/a>, <a href=\"http:\/\/www.moring.fr\/sport\/moring\/index.php\">moring.fr<\/a>, <a href=\"http:\/\/fr.wikipedia.org\/wiki\/Moringue\" target=\"_blank\" rel=\"noopener\">wikipedia<\/a>, &#8230; <\/p>\n<p><strong>Le Danmy&eacute;<\/strong> (caribbean see)<strong>:<br \/>\n    <\/strong><a href=\"http:\/\/perso.orange.fr\/zwazo\/garde.htm\" target=\"_blank\" rel=\"noopener\">Perso.orange.fr<\/a>, Publibook, lesperipheriques.org, &#8230; <\/p>\n<p>En Guadeloupe on trouve &quot;le sov&eacute; vayan&quot;, &quot;le maloy&egrave;&quot; and &quot;le b&eacute;nodin&quot; ; a la Martinique,   &quot; le danmy&eacute;&quot; and &quot;le ladja&quot; qui fotn partit de la meme famille de sport. <\/p>\n<\/td>\n<\/tr>\n<\/table>\n","protected":false},"excerpt":{"rendered":"<p>The Brazilian martial art of capoeira has some equivalent:  moring (indian ocean), Danmy\u00e9 (caribbean see),  &#8220;le sov\u00e9 vayan&#8221;, &#8220;le maloy\u00e8&#8221;, &#8220;le b\u00e9nodin&#8221; , &#8221; le danmy\u00e9&#8221; and &#8220;le ladja&#8221;<br \/>\n<span class=\"more-link\"><a href=\"https:\/\/www.mitellus.com\/?p=112\">Continue Reading<\/a><\/span><\/p>\n","protected":false},"author":1,"featured_media":0,"comment_status":"open","ping_status":"open","sticky":false,"template":"","format":"standard","meta":{"jetpack_post_was_ever_published":false,"_jetpack_newsletter_access":"","_jetpack_dont_email_post_to_subs":false,"_jetpack_newsletter_tier_id":0,"_jetpack_memberships_contains_paywalled_content":false,"_jetpack_memberships_contains_paid_content":false,"footnotes":""},"categories":[4,10],"tags":[],"class_list":["entry","author-admin","has-excerpt","post-112","post","type-post","status-publish","format-standard","category-capoeira","category-links"],"jetpack_featured_media_url":"","jetpack_shortlink":"https:\/\/wp.me\/p35eub-1O","jetpack_sharing_enabled":true,"jetpack_likes_enabled":true,"jetpack-related-posts":[{"id":102,"url":"https:\/\/www.mitellus.com\/?p=102","url_meta":{"origin":112,"position":0},"title":"Capoeira Links and Videos","author":"admin","date":"17\/04\/2007","format":false,"excerpt":"The Brazilian martial art of capoeira has some equivalent: moring (indian ocean), Danmy\u00e9 (caribbean see), \"le sov\u00e9 vayan\", \"le maloy\u00e8\", \"le b\u00e9nodin\" , \" le danmy\u00e9\" and \"le ladja\"","rel":"","context":"In &quot;Capoeira&quot;","block_context":{"text":"Capoeira","link":"https:\/\/www.mitellus.com\/?cat=4"},"img":{"alt_text":"","src":"..\/..\/..\/..\/images\/mov.gif","width":350,"height":200},"classes":[]},{"id":174,"url":"https:\/\/www.mitellus.com\/?p=174","url_meta":{"origin":112,"position":1},"title":"Moring : le ph\u00e9nix des arts martiaux","author":"admin","date":"05\/08\/2008","format":false,"excerpt":"CLICANOO.COM | Publi\u00e9 le 5 ao\u00fbt 2008 Pratiqu\u00e9 \u00e0 l\u2019origine par les esclaves, le moring a failli dispara\u00eetre durant la d\u00e9partementalisation. Aujourd\u2019hui, quinze ans apr\u00e8s que Jean-Ren\u00e9 Dreinaza ait impuls\u00e9 sa renaissance, cet art de combat r\u00e9unionnais conna\u00eet un succ\u00e8s consid\u00e9rable.","rel":"","context":"In &quot;General&quot;","block_context":{"text":"General","link":"https:\/\/www.mitellus.com\/?cat=6"},"img":{"alt_text":"","src":"","width":0,"height":0},"classes":[]},{"id":9831,"url":"https:\/\/www.mitellus.com\/?p=9831","url_meta":{"origin":112,"position":2},"title":"Mundo Capoeira Belgi\u00eb","author":"admin","date":"01\/06\/2022","format":"video","excerpt":"15th Batizado Mundo Capoeira Belgie 2022 Mestrando Karamelo","rel":"","context":"In &quot;Capoeira&quot;","block_context":{"text":"Capoeira","link":"https:\/\/www.mitellus.com\/?cat=4"},"img":{"alt_text":"","src":"https:\/\/i0.wp.com\/www.mitellus.com\/wp-content\/uploads\/2012\/10\/logo_mundo_capoeira_horizontal.png?fit=1096%2C378&ssl=1&resize=350%2C200","width":350,"height":200,"srcset":"https:\/\/i0.wp.com\/www.mitellus.com\/wp-content\/uploads\/2012\/10\/logo_mundo_capoeira_horizontal.png?fit=1096%2C378&ssl=1&resize=350%2C200 1x, https:\/\/i0.wp.com\/www.mitellus.com\/wp-content\/uploads\/2012\/10\/logo_mundo_capoeira_horizontal.png?fit=1096%2C378&ssl=1&resize=525%2C300 1.5x, https:\/\/i0.wp.com\/www.mitellus.com\/wp-content\/uploads\/2012\/10\/logo_mundo_capoeira_horizontal.png?fit=1096%2C378&ssl=1&resize=700%2C400 2x, https:\/\/i0.wp.com\/www.mitellus.com\/wp-content\/uploads\/2012\/10\/logo_mundo_capoeira_horizontal.png?fit=1096%2C378&ssl=1&resize=1050%2C600 3x"},"classes":[]},{"id":411,"url":"https:\/\/www.mitellus.com\/?p=411","url_meta":{"origin":112,"position":3},"title":"MUNDO CAPOEIRA IRELAND Instrutor Feijaozinho","author":"admin","date":"01\/03\/2010","format":false,"excerpt":"Fejaozinho, capoeira teacher in Mundo Capoeira Dublin offers more about his performances. Here is a Medley of his work with the Irish Club of Dublin :\"Mundo Capoeira Ireland\"","rel":"","context":"In &quot;Capoeira&quot;","block_context":{"text":"Capoeira","link":"https:\/\/www.mitellus.com\/?cat=4"},"img":{"alt_text":"","src":"","width":0,"height":0},"classes":[]},{"id":162,"url":"https:\/\/www.mitellus.com\/?p=162","url_meta":{"origin":112,"position":4},"title":"Skill  Required  to change your belt to a Laranja &#8211; Azul (Orange &#8211; Blue belt)","author":"admin","date":"07\/05\/2008","format":false,"excerpt":"Skill Required to change your belt to a Laranja - Azul (Orange - Blue belt) in the Mundo Capoeira Ireland group","rel":"","context":"In &quot;Capoeira&quot;","block_context":{"text":"Capoeira","link":"https:\/\/www.mitellus.com\/?cat=4"},"img":{"alt_text":"","src":"https:\/\/i0.wp.com\/www.abadacascais.com\/images\/cordaLaranja%5B1%5D.jpg?resize=350%2C200","width":350,"height":200},"classes":[]},{"id":560,"url":"https:\/\/www.mitellus.com\/?p=560","url_meta":{"origin":112,"position":5},"title":"Last rodas for Giraffa in Ireland","author":"admin","date":"15\/11\/2011","format":false,"excerpt":"Last rodas for Giraffa in IrelandQuick snaps of the good vibe created by \u201cNacao Zumbi Angola roda grupo Capoeira\u201d and Centro Cultural Capoeira \u00c1gua de Beber (CECAB) last Saturday, in the lantern centre, Dublin.","rel":"","context":"In &quot;Capoeira&quot;","block_context":{"text":"Capoeira","link":"https:\/\/www.mitellus.com\/?cat=4"},"img":{"alt_text":"Na\u00e7\u00e3o Zumb\u00ed Logo","src":"https:\/\/i0.wp.com\/www.capoeiradublin.com\/images\/logo_001_cropped.gif?resize=350%2C200","width":350,"height":200},"classes":[]}],"_links":{"self":[{"href":"https:\/\/www.mitellus.com\/index.php?rest_route=\/wp\/v2\/posts\/112","targetHints":{"allow":["GET"]}}],"collection":[{"href":"https:\/\/www.mitellus.com\/index.php?rest_route=\/wp\/v2\/posts"}],"about":[{"href":"https:\/\/www.mitellus.com\/index.php?rest_route=\/wp\/v2\/types\/post"}],"author":[{"embeddable":true,"href":"https:\/\/www.mitellus.com\/index.php?rest_route=\/wp\/v2\/users\/1"}],"replies":[{"embeddable":true,"href":"https:\/\/www.mitellus.com\/index.php?rest_route=%2Fwp%2Fv2%2Fcomments&post=112"}],"version-history":[{"count":4,"href":"https:\/\/www.mitellus.com\/index.php?rest_route=\/wp\/v2\/posts\/112\/revisions"}],"predecessor-version":[{"id":12108,"href":"https:\/\/www.mitellus.com\/index.php?rest_route=\/wp\/v2\/posts\/112\/revisions\/12108"}],"wp:attachment":[{"href":"https:\/\/www.mitellus.com\/index.php?rest_route=%2Fwp%2Fv2%2Fmedia&parent=112"}],"wp:term":[{"taxonomy":"category","embeddable":true,"href":"https:\/\/www.mitellus.com\/index.php?rest_route=%2Fwp%2Fv2%2Fcategories&post=112"},{"taxonomy":"post_tag","embeddable":true,"href":"https:\/\/www.mitellus.com\/index.php?rest_route=%2Fwp%2Fv2%2Ftags&post=112"}],"curies":[{"name":"wp","href":"https:\/\/api.w.org\/{rel}","templated":true}]}}